{"id":1137,"date":"2023-03-17T13:06:55","date_gmt":"2023-03-17T13:06:55","guid":{"rendered":"https:\/\/darimaestradevida.com\/?p=1137"},"modified":"2023-03-17T13:08:34","modified_gmt":"2023-03-17T13:08:34","slug":"el-tiempo-no-es-condena","status":"publish","type":"post","link":"https:\/\/darimaestradevida.com\/index.php\/2023\/03\/17\/el-tiempo-no-es-condena\/","title":{"rendered":"<strong>El tiempo no es condena<\/strong>"},"content":{"rendered":"\n<p>No quiero que el tiempo transcurrido desde tu muerte se convierta en un castigo. Tener que contar los d\u00edas, como un condenado, privado de libertad, por m\u00e1s que sepa que esta pena en realidad es perpetua. Tu muerte tambi\u00e9n form\u00f3 parte de tu vida, por tanto, no debe ser una sanci\u00f3n para m\u00ed, por m\u00e1s que as\u00ed se sienta. S\u00e9 que es triste recordar el \u00faltimo d\u00eda que te vi con los ojos abiertos. Pero prefiero recordar con dulce nostalgia todos esos d\u00edas que pasamos juntas y los llenaste de color. Porque no voy a dejar que esa oscuridad que nos invadi\u00f3 al momento de tu partida, apague jam\u00e1s los destellos de luz que experimentamos con tu nacimiento.<\/p>\n\n\n\n<p>Ya no cuento el tiempo terrenal, el cual no puedes disfrutar. Prefiero centrarme en el tiempo que me queda para que no te olviden, para que pueda ayudar a los dem\u00e1s y as\u00ed dejar un legado a tus hermanas. Adem\u00e1s, tal vez, solo tal vez, quede menos tiempo para nuestro reencuentro\u2026 No lo s\u00e9, creo que nadie sabe cu\u00e1nto nos falta, y eso tampoco me preocupa, pero me reconforta pensar que nos volveremos a ver. Esta no es una declaraci\u00f3n de deseos de muerte, prefiero adjudicarle el nombre de tomar conciencia del presente, sin centrarme en el pasado, s\u00f3lo mirarlo de vez en cuando para recordar lo felices que fuimos, ni quiero pensar en mi futuro porque sobre \u00e9l no tengo ning\u00fan control.<\/p>\n\n\n\n<p>El imaginar qu\u00e9 estar\u00edas haciendo con tus 7 a\u00f1os cumplidos, qu\u00e9 nuevas cosas hubieras aprendido, como ser\u00edas, qu\u00e9 te gustar\u00eda, creo que lejos de ser una dulce ilusi\u00f3n, es m\u00e1s bien una tortura, pues fantaseo con algo que no existe, ni existir\u00e1. Obviamente si respondo a las preguntas que mi mente hace en esos momentos de que s\u00ed ser\u00edas feliz, pues claro que lo ser\u00edas, si toda tu familia te am\u00f3, te ama y te amar\u00e1 siempre. Por eso decido quedarme en tu recuerdo, en tus dos a\u00f1os en esta tierra y los 5 en el cielo, pero las caracter\u00edsticas intactas de beb\u00e9 que ten\u00edas, as\u00ed sin m\u00e1s, mam\u00e1 te piensa. Y as\u00ed quiero honrar tu memoria, por todo lo que signific\u00f3 tu vida en la nuestra. Sin reprochar nada a Dios, al universo, ni a la vida. No voy a mentir que hay ocasiones en que la tristeza me gana, y el dolor se apodera de mi coraz\u00f3n y alma, comenzando nuevamente el caos en mi mente. Pero gracias a Dios, al universo y a la vida, eso cada vez dura menos, y me centro en todo lo que disfrutamos juntas y todo lo que hiciste aqu\u00ed, regresando as\u00ed el equilibrio en m\u00ed. Tambi\u00e9n agradezco todo lo que lleg\u00f3 despu\u00e9s de tu muerte, s\u00ed porque ella me ense\u00f1\u00f3 mucho, a quererme m\u00e1s, a querer y a valorar m\u00e1s a todo lo que me rodea.<\/p>\n\n\n\n<p>Hoy, en el d\u00eda del aniversario de tu nacimiento, el cual recordar\u00e9 como uno de los mejores regalos que recib\u00ed en toda mi historia, as\u00ed como el nacimiento de tus hermanas, quiero dar gracias por haberte so\u00f1ado, concebido, engendrado, parido, criado. Gracias mi peque\u00f1a gran maestra, me ense\u00f1aste la parte m\u00e1s dolorosa de ser mam\u00e1, el verte partir, y tener que amarte as\u00ed sin usar mis brazos, ni mis sentidos, afinaste mi percepci\u00f3n, mi radar de amor. Gratitud infinita mi Dari, y en tu memoria preparamos este regalo, con inmenso amor agregamos una pieza m\u00e1s a tu mural, donde est\u00e1n Tibu y Coco, nuestras mascotas queridas, que estoy segura que ellos hoy est\u00e1n con vos felices jugando. Aqu\u00ed te recordamos con una sonrisa y una l\u00e1grima, salud por tu vida y por las huellas que dejaste en este mundo. Te amo infinito, porque vos sos infinita.<\/p>\n","protected":false},"excerpt":{"rendered":"<p>No quiero que el tiempo transcurrido desde tu muerte se convierta en un castigo. Tener que contar los d\u00edas, como un condenado, privado de libertad, por m\u00e1s que sepa que esta pena en realidad es &hellip; <\/p>\n","protected":false},"author":1,"featured_media":1140,"comment_status":"open","ping_status":"open","sticky":false,"template":"","format":"standard","meta":{"footnotes":""},"categories":[2],"tags":[],"class_list":["post-1137","post","type-post","status-publish","format-standard","has-post-thumbnail","hentry","category-articulos","has-single-img"],"_links":{"self":[{"href":"https:\/\/darimaestradevida.com\/index.php\/wp-json\/wp\/v2\/posts\/1137","targetHints":{"allow":["GET"]}}],"collection":[{"href":"https:\/\/darimaestradevida.com\/index.php\/wp-json\/wp\/v2\/posts"}],"about":[{"href":"https:\/\/darimaestradevida.com\/index.php\/wp-json\/wp\/v2\/types\/post"}],"author":[{"embeddable":true,"href":"https:\/\/darimaestradevida.com\/index.php\/wp-json\/wp\/v2\/users\/1"}],"replies":[{"embeddable":true,"href":"https:\/\/darimaestradevida.com\/index.php\/wp-json\/wp\/v2\/comments?post=1137"}],"version-history":[{"count":2,"href":"https:\/\/darimaestradevida.com\/index.php\/wp-json\/wp\/v2\/posts\/1137\/revisions"}],"predecessor-version":[{"id":1141,"href":"https:\/\/darimaestradevida.com\/index.php\/wp-json\/wp\/v2\/posts\/1137\/revisions\/1141"}],"wp:featuredmedia":[{"embeddable":true,"href":"https:\/\/darimaestradevida.com\/index.php\/wp-json\/wp\/v2\/media\/1140"}],"wp:attachment":[{"href":"https:\/\/darimaestradevida.com\/index.php\/wp-json\/wp\/v2\/media?parent=1137"}],"wp:term":[{"taxonomy":"category","embeddable":true,"href":"https:\/\/darimaestradevida.com\/index.php\/wp-json\/wp\/v2\/categories?post=1137"},{"taxonomy":"post_tag","embeddable":true,"href":"https:\/\/darimaestradevida.com\/index.php\/wp-json\/wp\/v2\/tags?post=1137"}],"curies":[{"name":"wp","href":"https:\/\/api.w.org\/{rel}","templated":true}]}}