{"id":136,"date":"2021-02-08T12:55:07","date_gmt":"2021-02-08T12:55:07","guid":{"rendered":"https:\/\/darimaestradevida.com\/?p=136"},"modified":"2021-02-08T12:55:07","modified_gmt":"2021-02-08T12:55:07","slug":"la-noticia-de-la-perdida-de-dari-el-comienzo-del-duelo","status":"publish","type":"post","link":"https:\/\/darimaestradevida.com\/index.php\/2021\/02\/08\/la-noticia-de-la-perdida-de-dari-el-comienzo-del-duelo\/","title":{"rendered":"La noticia de la p\u00e9rdida de Dari, el comienzo del duelo"},"content":{"rendered":"<p><strong>El duelo \u00bfD\u00f3nde y c\u00f3mo comienza?<\/strong><\/p>\n<p>Creo que el duelo comienza desde el instante en que uno siente que algo se rompi\u00f3. Eso me sucedi\u00f3 a m\u00ed el d\u00eda en que me informaron sobre la muerte de Dari. Lo que recuerdo de ese d\u00eda, es que lo sent\u00ed como un espectador de una pel\u00edcula de terror. En ese momento apareci\u00f3 el dolor, fue tremendo. Me quemaba desde el fondo del pecho y se esparc\u00eda por todo mi cuerpo. Hizo que mi coraz\u00f3n se rompa en miles de pedazos.<\/p>\n<p>Recuerdo perfectamente la expresi\u00f3n del rostro del m\u00e9dico que me dio la noticia: Reflejaba impotencia y tristeza.\u00a0 Tal vez\u00a0 por ver a alguien tan fr\u00e1gil y peque\u00f1a apagarse en sus manos.<\/p>\n<p>A pesar del trago de cicuta que tom\u00e9 en ese instante, sent\u00ed humanidad de parte suya y de los dem\u00e1s que intervinieron en ese momento.<\/p>\n<p>Luego se ven\u00eda otra situaci\u00f3n angustiosa: Comunicar a la familia. No pod\u00eda emitir una sola palabra, segu\u00eda en estado shock, escuchando desde lejos las conversaciones de Ra\u00fal, mi esposo, contando a mis hermanas, a la suya y a su pap\u00e1 lo ocurrido. No ten\u00eda conciencia del tiempo. En minutos lleg\u00f3 mi familia. Yo solo los abrac\u00e9 y les ped\u00ed que no dejen sola a Dari, que ya estaba en la morgue del sanatorio. Ya mis fuerzas no eran suficientes para esa tarea. Me encontraba en el limbo, en una pelea\u00a0 interna entre tratar de entender lo que pas\u00f3 y el deseo inmenso de mi coraz\u00f3n que esperaba que todo fuera una mentira. Mi familia se ocup\u00f3 de la tediosa tarea de preparar todo para el velorio de mi beb\u00e9.<\/p>\n<p>Pero a\u00fan me quedaba otro trago m\u00e1s amargo: Contarles a mis hijas mayores que su hermana peque\u00f1a, la beb\u00e9 de la casa, ya no estaba. Al ver sus rostros y sus miradas at\u00f3nitas pude sentir perfectamente como mi coraz\u00f3n explot\u00f3 en miles de pedazos. No pude emitir una sola palabra. Solo l\u00e1grimas de dolor y abrazarlas lo m\u00e1s fuerte posible, sabiendo que ellas ten\u00edan un poco de mi peque\u00f1a que hab\u00eda partido. Obviamente esa madrugada nadie descans\u00f3, solo pudimos arreglarnos como pudimos y buscar desesperadamente uno de los peluches favoritos de Dari, para que en su descanso eterno est\u00e9 acompa\u00f1ada de una de las cosas que amaba.<\/p>\n<p>Despu\u00e9s de encontrar al chanchito rosa, partimos hacia el sal\u00f3n velatorio. Los tel\u00e9fonos no paraban de sonar. Es lo que recuerdo, porque ni siquiera pude mirar la pantalla. Creo que alcanc\u00e9 esa madrugada a avisar a unas amigas el desenlace inesperado. As\u00ed es la muerte, a veces no se anuncia, simplemente llega, inesperada, inevitable, irreversible y absoluta.<\/p>\n<p>Si bien dije que\u00a0 mi coraz\u00f3n estaba hecho trizas, luego comprend\u00ed que el mismo, al estallar, se abri\u00f3.\u00a0 Se extendi\u00f3 haciendo m\u00e1s lugar y as\u00ed pude cargar dentro a m\u00e1s personas y situaciones que me acompa\u00f1aron, apoyaron\u00a0 y alivianaron mi camino. As\u00ed tambi\u00e9n el dolor se hizo amigo. Ya no\u00a0 verdugo, y supe que fue el precio que tuve que pagar por haber tenido a Dari en mi vida. Al dolor lo pude soltar cuando llegu\u00e9 a la tan ansiada meta de la aceptaci\u00f3n y transformar este duelo en testimonio de vida. Fue entonces que pude comprender que la vida es igual que la muerte: Inesperada, irreversible y absoluta. Tambi\u00e9n que el amor verdadero es eterno e infinito.\u00a0 No necesita ni de tiempo ni de espacio para demostrarlo y sentirlo, est\u00e1 presente en cada d\u00eda y cada instante.<\/p>\n<p>En otro material les seguir\u00e9 contando c\u00f3mo vivimos el velorio y todo lo que nos ocurri\u00f3 a partir de ese d\u00eda.<\/p>\n","protected":false},"excerpt":{"rendered":"<p>El duelo \u00bfD\u00f3nde y c\u00f3mo comienza? Creo que el duelo comienza desde el instante en que uno siente que algo se rompi\u00f3. Eso me sucedi\u00f3 a m\u00ed el d\u00eda en que me informaron sobre la &hellip; <\/p>\n","protected":false},"author":1,"featured_media":44,"comment_status":"open","ping_status":"open","sticky":false,"template":"","format":"standard","meta":{"footnotes":""},"categories":[2],"tags":[],"class_list":["post-136","post","type-post","status-publish","format-standard","has-post-thumbnail","hentry","category-articulos","has-single-img"],"_links":{"self":[{"href":"https:\/\/darimaestradevida.com\/index.php\/wp-json\/wp\/v2\/posts\/136","targetHints":{"allow":["GET"]}}],"collection":[{"href":"https:\/\/darimaestradevida.com\/index.php\/wp-json\/wp\/v2\/posts"}],"about":[{"href":"https:\/\/darimaestradevida.com\/index.php\/wp-json\/wp\/v2\/types\/post"}],"author":[{"embeddable":true,"href":"https:\/\/darimaestradevida.com\/index.php\/wp-json\/wp\/v2\/users\/1"}],"replies":[{"embeddable":true,"href":"https:\/\/darimaestradevida.com\/index.php\/wp-json\/wp\/v2\/comments?post=136"}],"version-history":[{"count":0,"href":"https:\/\/darimaestradevida.com\/index.php\/wp-json\/wp\/v2\/posts\/136\/revisions"}],"wp:featuredmedia":[{"embeddable":true,"href":"https:\/\/darimaestradevida.com\/index.php\/wp-json\/"}],"wp:attachment":[{"href":"https:\/\/darimaestradevida.com\/index.php\/wp-json\/wp\/v2\/media?parent=136"}],"wp:term":[{"taxonomy":"category","embeddable":true,"href":"https:\/\/darimaestradevida.com\/index.php\/wp-json\/wp\/v2\/categories?post=136"},{"taxonomy":"post_tag","embeddable":true,"href":"https:\/\/darimaestradevida.com\/index.php\/wp-json\/wp\/v2\/tags?post=136"}],"curies":[{"name":"wp","href":"https:\/\/api.w.org\/{rel}","templated":true}]}}