{"id":161,"date":"2021-03-01T13:26:07","date_gmt":"2021-03-01T13:26:07","guid":{"rendered":"https:\/\/darimaestradevida.com\/?p=161"},"modified":"2021-03-01T13:26:07","modified_gmt":"2021-03-01T13:26:07","slug":"las-sugerencias-sobre-como-debemos-actuar-ante-una-perdida","status":"publish","type":"post","link":"https:\/\/darimaestradevida.com\/index.php\/2021\/03\/01\/las-sugerencias-sobre-como-debemos-actuar-ante-una-perdida\/","title":{"rendered":"\u201cLas sugerencias\u201d  sobre c\u00f3mo debemos actuar ante una p\u00e9rdida"},"content":{"rendered":"<p align=\"JUSTIFY\">Una de las cosas que aprend\u00ed de mi experiencia es que si hay algo en la vida que es \u00fanico, personal y privado, es la p\u00e9rdida. Nadie sabe c\u00f3mo uno se siente en realidad. No se puede medir el dolor, ni suponer como se hubiera actuado en el lugar del doliente. Se pueden imaginar, eso s\u00ed, pero saber por lo que se est\u00e1 travesando, no lo creo. Porque depende de las circunstancias en las que ocurri\u00f3 la p\u00e9rdida, de las creencias y los principios que tiene cada uno. La herida generada por la p\u00e9rdida es el bien m\u00e1s sagrado que posee en ese momento el doliente.<\/p>\n<p align=\"JUSTIFY\">Otra situaci\u00f3n que se presenta es que uno est\u00e1 tan agobiado por el dolor que siente la necesidad inmensa de contar lo que pas\u00f3. Incluso, decir c\u00f3mo extra\u00f1a a su ser querido. Mientras esto pasa, algunas personas, piensan que recordar a nuestro ser querido o revivir momentos, hace mal, por lo que no deja que el doliente se exprese. Tambi\u00e9n me pas\u00f3 en ocasiones, que me contaban sobre sus p\u00e9rdidas, dando recomendaciones. No me parece justo para el doliente escuchar las proyecciones de otro.<\/p>\n<p align=\"JUSTIFY\">Yo valor\u00e9 y valoro cada palabra, gesto y mirada que tuvieron con nosotros. Tanto de parte de la familia, amigos, conocidos, y desconocidos en ese entonces. S\u00e9 que es un esfuerzo enorme lidiar con el dolor ajeno, ya lo pas\u00e9, y no hay palabras en verdad que puedan cambiar como se siente la persona en duelo.<\/p>\n<p align=\"JUSTIFY\">Es por eso que sugiero con todo el respeto del mundo, no decir ese tipo de frases como: \u201cS\u00e9 c\u00f3mo te sent\u00eds\u201d o \u201cHac\u00e9 un esfuerzo\u201d. Son tremendos dichos, en serio. Porque respirar cuesta en esos momentos. Lo mejor es la compa\u00f1\u00eda en silencio, escuchar atentamente, dejar que la persona llore y el abrazo, aunque no crean, es muy reparador.<\/p>\n<p align=\"JUSTIFY\">S\u00e9 que muchos pensar\u00e1n que lo m\u00e1s prudente es alejarse, en signo de respeto al dolor ajeno. Pues no, por favor no lo hagan, no es lo mejor. Las personas que sufrimos una herida tan letal como la muerte de un ser querido, necesitamos compa\u00f1\u00eda por m\u00e1s de que parezca lo contrario. Es necesario compartir nuestro dolor, hablar al respecto, dejarnos consolar. Necesitamos que nos recuerden que a\u00fan estamos vivos.<\/p>\n<p align=\"JUSTIFY\">A todo esto se suman las sugerencias de c\u00f3mo continuar viviendo, de qu\u00e9 hacer o no hacer. No recuerdo mucho al respecto, porque dentro de esa locura temporal en la que estaba sumida, pude reconocer mucho respeto de parte de los que me rodeaban.<\/p>\n<p align=\"JUSTIFY\">Pero se present\u00f3 un hecho en particular donde la\u00a0 &#8220;sugerencia&#8221; signific\u00f3 para m\u00ed m\u00e1s\u00a0 una invasi\u00f3n a mi privacidad, a mi dolor, a lo m\u00e1s privado y personal que ten\u00eda en ese momento, mi p\u00e9rdida.<\/p>\n<p align=\"JUSTIFY\">Les cuento como ocurri\u00f3:<\/p>\n<p align=\"JUSTIFY\">Al llegar a casa despu\u00e9s del entierro de Dari, fue muy desolador. La casa parec\u00eda vac\u00eda, sin luz, sin nada. Una nada inmensa, como un agujero negro en el cual caer\u00eda sin misericordia. Ese d\u00eda lo \u00fanico que pude hacer fue llorar&#8230;<\/p>\n<p align=\"JUSTIFY\">Al d\u00eda siguiente lo primero que pens\u00e9 al despertar (es un decir, pues como se imaginar\u00e1n, mis noches de vigilia siguieron) pens\u00e9 que deb\u00eda hacer una misa. No s\u00e9, necesitaba, quer\u00eda. Pensaba en mi mam\u00e1 diciendo que eso era lo correcto. Hoy pienso que tal vez estaba tan desesperada por encontrar un lugar donde haya paz, que se me ocurri\u00f3 que ser\u00eda en una iglesia.<\/p>\n<p align=\"JUSTIFY\">Fue as\u00ed que se hicieron las tres correspondientes misas. Los tres d\u00edas est\u00e1bamos rodeados de parientes y amigos, quienes no nos dejaron, lloraron con nosotros. A pesar de ser un momento extraordinariamente triste, fue muy reconfortante. Sentirse apreciado, o por lo menos contenido, en un momento de m\u00e1xima fragilidad, ayuda para no terminar por enloquecer.<\/p>\n<p align=\"JUSTIFY\">Al t\u00e9rmino de la \u00faltima misa en nombre de Dari nos fuimos con toda mi familia a pasar un momento juntos, recordando con dolor a nuestra ni\u00f1a adorada. Esa noche, mientras est\u00e1bamos viviendo un momento \u00edntimo con la familia, se present\u00f3 una situaci\u00f3n, que en ese instante, fue muy devastadora para nosotros.<\/p>\n<p align=\"JUSTIFY\">Un conocido, que era m\u00e9dico, estaba convencido de que hubo mala praxis en el procedimiento realizado a Dari. Se lo dijo a Ra\u00fal, y le sugiri\u00f3 el inicio de las investigaciones, lo que implicar\u00eda realizar una autopsia, la cual jam\u00e1s se me pas\u00f3 por la cabeza. Es m\u00e1s, no soportar\u00eda imaginarme esa autopsia. En mis a\u00f1os de funcionaria fiscal asist\u00ed a varios procedimientos forenses, de adultos, de ni\u00f1os, de beb\u00e9s. Sab\u00eda perfectamente cada paso de esa diligencia. No, mi coraz\u00f3n y mi alma no soportar\u00edan, tan solo de imaginar.<\/p>\n<p align=\"JUSTIFY\">Ra\u00fal agradeci\u00f3 su preocupaci\u00f3n, y le explic\u00f3 nuestra postura. Sin ni siquiera haber conversado antes, mi esposo pensaba lo mismo que yo. Es por eso que estoy convencida de que la persona que decidi\u00f3 pasar el resto de su vida con uno, lo conoce tanto que incluso piensa igual o por lo menos parecido. Sab\u00eda al igual que yo que un proceso penal es tedioso, largo y ser\u00eda someter a toda esa tortura a mis ni\u00f1as quienes ya estaban con el alma quebrada sin la presencia de su hermanita.<\/p>\n<p align=\"JUSTIFY\">Luego, cuando hablamos, y me coment\u00f3 lo ocurrido con esta persona, llegamos a una conclusi\u00f3n despu\u00e9s de formularnos la siguiente pregunta: \u00bfCu\u00e1l ser\u00eda la ganancia si accion\u00e1ramos? Porque se inicia un juicio para ganarlo. Pero\u2026 \u00bfGanar qu\u00e9? Yo no ve\u00eda el beneficio. La respuesta ser\u00eda dinero, \u00bfPara qu\u00e9? \u00bfQu\u00e9 har\u00eda con ese dinero si no exist\u00eda ninguna tienda donde yo pudiera ir y pedir por Darinka de vuelta. O conseguir que uno de los m\u00e9dicos vaya a la c\u00e1rcel, despu\u00e9s de haber visto con mis propios ojos todo el esfuerzo sobrehumano para reanimarla, y el trato humanizado y misericordioso que recibimos de ellos.<\/p>\n<p align=\"JUSTIFY\">Muchos pensar\u00e1n y pensaron en conseguir justicia. \u00bfQu\u00e9 es justicia? \u00bfQu\u00e9 me dar\u00eda justicia?<\/p>\n<p align=\"JUSTIFY\">A veces queremos justicia, pensando que as\u00ed entenderemos por qu\u00e9 pasaron las cosas, buscando respuestas, explicaciones, que lejos de aliviar y hallar paz, avivan m\u00e1s el fuego de la desesperaci\u00f3n.<\/p>\n<p align=\"JUSTIFY\">Al responder la pregunta sobre \u00bfQu\u00e9 me dar\u00eda la Justicia? Es\u2026 Nada. Pues nada ni nadie me devolver\u00edan a mi beb\u00e9. Yo no me sent\u00ed agraviada \u00bfPor qu\u00e9? Por el trato que recibimos. Porque vi todo lo que hicieron para mantenerla viva. En todo momento existi\u00f3 compasi\u00f3n de parte de los profesionales m\u00e9dicos. S\u00ed, fue eso lo que yo sent\u00ed, conmiseraci\u00f3n ante mi dolor.<\/p>\n<p align=\"JUSTIFY\">Adem\u00e1s, el saber que una persona ir\u00eda presa por unos a\u00f1os, tampoco me devolver\u00eda a mi peque\u00f1a. En esos momentos era lo \u00fanico que mi cabeza y mi coraz\u00f3n quer\u00edan. Tampoco aplacar\u00eda mi dolor el hecho de saber el sufrimiento de otra persona.<\/p>\n<p align=\"JUSTIFY\">S\u00e9 que muchos pensaban que deb\u00edamos haber accionado, pero quiero que esta sea una oportunidad para que me lean y entiendan mi postura, nuestra postura, porque todo lo que en adelante pas\u00f3 con nuestra familia, fueron decisiones discutidas entre Ra\u00fal y yo. Incluso en algunos temas participaron las ni\u00f1as.<\/p>\n<p align=\"JUSTIFY\">Nuestra postura no iba a cambiar, incluso teniendo el apoyo de varios colegas abogados y magistrados que se pusieron a nuestra disposici\u00f3n. Les agradec\u00ed en su oportunidad y lo hago nuevamente, no es una falta de fe en la justicia. Sino que era una fuerza destrozada dentro de mi coraz\u00f3n que me dec\u00eda que no soportar\u00eda lidiar con un proceso teniendo ese dolor presionando mi cuello. Y la idea fija en la cabeza, nada absolutamente nada me devolver\u00eda a mi peque\u00f1a, ni tampoco la paz a mi atormentada cabeza.<\/p>\n<p align=\"JUSTIFY\">Est\u00e1 situaci\u00f3n colabor\u00f3 a que mi estad\u00eda por la siguiente estaci\u00f3n del duelo se prolongara, o yo lo encuentre c\u00f3moda: La estaci\u00f3n de la rabia, odio, resentimiento, o como quieran llamarla.<\/p>\n<p align=\"JUSTIFY\">En el siguiente post, les compartir\u00e9 m\u00e1s sobre esta segunda etapa.<\/p>\n<p align=\"JUSTIFY\">\n<p align=\"JUSTIFY\">\n","protected":false},"excerpt":{"rendered":"<p>Una de las cosas que aprend\u00ed de mi experiencia es que si hay algo en la vida que es \u00fanico, personal y privado, es la p\u00e9rdida. Nadie sabe c\u00f3mo uno se siente en realidad. No &hellip; <\/p>\n","protected":false},"author":1,"featured_media":162,"comment_status":"open","ping_status":"open","sticky":false,"template":"","format":"standard","meta":{"footnotes":""},"categories":[2],"tags":[],"class_list":["post-161","post","type-post","status-publish","format-standard","has-post-thumbnail","hentry","category-articulos","has-single-img"],"_links":{"self":[{"href":"https:\/\/darimaestradevida.com\/index.php\/wp-json\/wp\/v2\/posts\/161","targetHints":{"allow":["GET"]}}],"collection":[{"href":"https:\/\/darimaestradevida.com\/index.php\/wp-json\/wp\/v2\/posts"}],"about":[{"href":"https:\/\/darimaestradevida.com\/index.php\/wp-json\/wp\/v2\/types\/post"}],"author":[{"embeddable":true,"href":"https:\/\/darimaestradevida.com\/index.php\/wp-json\/wp\/v2\/users\/1"}],"replies":[{"embeddable":true,"href":"https:\/\/darimaestradevida.com\/index.php\/wp-json\/wp\/v2\/comments?post=161"}],"version-history":[{"count":0,"href":"https:\/\/darimaestradevida.com\/index.php\/wp-json\/wp\/v2\/posts\/161\/revisions"}],"wp:featuredmedia":[{"embeddable":true,"href":"https:\/\/darimaestradevida.com\/index.php\/wp-json\/"}],"wp:attachment":[{"href":"https:\/\/darimaestradevida.com\/index.php\/wp-json\/wp\/v2\/media?parent=161"}],"wp:term":[{"taxonomy":"category","embeddable":true,"href":"https:\/\/darimaestradevida.com\/index.php\/wp-json\/wp\/v2\/categories?post=161"},{"taxonomy":"post_tag","embeddable":true,"href":"https:\/\/darimaestradevida.com\/index.php\/wp-json\/wp\/v2\/tags?post=161"}],"curies":[{"name":"wp","href":"https:\/\/api.w.org\/{rel}","templated":true}]}}