{"id":179,"date":"2021-03-22T11:58:59","date_gmt":"2021-03-22T11:58:59","guid":{"rendered":"https:\/\/darimaestradevida.com\/?p=179"},"modified":"2021-03-22T11:58:59","modified_gmt":"2021-03-22T11:58:59","slug":"en-la-busqueda-de-respuestas-pude-reedificar-mi-relacion-con-dios","status":"publish","type":"post","link":"https:\/\/darimaestradevida.com\/index.php\/2021\/03\/22\/en-la-busqueda-de-respuestas-pude-reedificar-mi-relacion-con-dios\/","title":{"rendered":"En la busqueda de respuestas,  pude reedificar mi relaci\u00f3n con Dios"},"content":{"rendered":"<p align=\"JUSTIFY\">Como ya hab\u00eda contado respecto a c\u00f3mo surgi\u00f3 mi inter\u00e9s en la tanatolog\u00eda, al ver el v\u00eddeo de por qu\u00e9 a la gente buena le pasan cosas malas, de Gaby P\u00e9rez, fue una bocanada de paz ante el enojo con Dios en el que estaba sumida. Aunque a la vez me surg\u00edan dudas de si yo pod\u00eda ser consideraba buena gente porque finalmente quien pod\u00eda juzgar algo as\u00ed. En fin, cuando tuve contacto con ella me sugiri\u00f3 leer el libro titulado: \u201c<b>Cuando a la gente buena le pasan cosas malas\u201d, de Harold S. Kushner.<\/b><\/p>\n<p align=\"JUSTIFY\">Es un libro maravilloso, f\u00e1cil de leer, lleno de ternura y amor. El autor es un rabino quien obviamente tuvo una crisis de fe cuando su hijo peque\u00f1o fue diagnosticado con una enfermedad degenerativa, la cual acortar\u00eda su vida antes de llegar a la adolescencia. Tuvo que vivir sabiendo que su hijo en cualquier momento pod\u00eda morir. Pero el libro no trata propiamente de la vida de \u00e9l ni de su hijo, m\u00e1s bien de c\u00f3mo este acontecimiento puso en duda su fe y como pudo direccionar esa fe en descubrir que Dios nos ama a todos, buenos y malos, y no est\u00e1 eligiendo a quien le va a suceder una tragedia o no.<\/p>\n<p align=\"JUSTIFY\">Gracias a \u00e9l entend\u00ed que tambi\u00e9n existen las leyes de la naturaleza que no hacen excepciones a gente generosa, al momento de que ocurre un terremoto, por ejemplo. Hay una parte donde dice: \u201c<b>Dios no interrumpe las leyes de la naturaleza para proteger a los justos. Esta es otra de las cuales, a veces, a la gente buena le pasan cosas malas, cosas que Dios no provoca ni puede detener\u201d<\/b><\/p>\n<p align=\"JUSTIFY\">Tambi\u00e9n hace referencia a que Dios nos dio el libre albedr\u00edo, por medio del cual el hombre es libre de elegir ser bueno o malo. Dios cre\u00f3 a Hitler, fue Hitler quien eligi\u00f3 obrar como lo hizo, no fue que Dios permiti\u00f3 que murieran m\u00e1s de seis millones de personas. Yo creo que tanto nos ama Dios que respeta ese libre albedr\u00edo y nos ama, as\u00ed como somos, seres perfectamente imperfectos, porque el ser humano es imperfecto, se equivoca, no lo puede todo y a veces obra mal, a conciencia.<\/p>\n<p align=\"JUSTIFY\">Este libro deber\u00eda ser le\u00eddo por todos los que creemos en el amor infinito de Dios y en quienes no creen tambi\u00e9n, porque es un testimonio real de c\u00f3mo alguien con el compromiso de servir al pr\u00f3jimo, tambi\u00e9n tiene sus dudas y tambi\u00e9n cuestiona, tambi\u00e9n sufre, alguien que supuestamente fue elegido por Dios. Todos somos elegidos por \u00e9l, creo que somos nosotros los que elegimos no estar con \u00e9l. Porque a veces es m\u00e1s f\u00e1cil hacerle responsable al otro de nuestras penas, y en algunas ocasiones ese otro es Dios.<\/p>\n<p align=\"JUSTIFY\">Seg\u00fan mi percepci\u00f3n uno de los grandes defectos que tiene el ser humano es que se cree que todo lo puede, y que puede encontrar explicaciones a todo, y no es as\u00ed. Creo que ante la vulnerabilidad que nos causa la muerte de alguien, es m\u00e1s f\u00e1cil argumentar que fue decisi\u00f3n o voluntad de Dios, para tratar justificar o encontrar explicaci\u00f3n al hecho. No creo que sea as\u00ed. Hay situaciones que ocurren y no existen explicaciones, como ocurren cosas que son incontrolables.<\/p>\n<p align=\"JUSTIFY\">Otros de mis cuestionamientos fueron \u00bfPor qu\u00e9 no me escuch\u00f3 Dios? \u00bfPor qu\u00e9 Dios no escuch\u00f3 mis rezos? \u00bfSer\u00e1 que no rec\u00e9 lo suficiente? O \u00bfNo lo hice como a \u00e9l le hubiera gustado? Y entend\u00ed que si los rezos funcionaran como pensaba, nadie morir\u00eda jam\u00e1s. Pues nadie reza tan sinceramente como cuando ve que la persona que ama est\u00e1 enferma o puede morir. No es f\u00e1cil de entender. No significa que no debemos rezar o pedir por la salud o la vida de alguien, pero tampoco creer que si no ocurre lo que solicitamos es porque no lo merec\u00edamos, o porque no rezamos con suficiente fuerza, o porque Dios no existe o no escucha, todas estas afirmaciones lo \u00fanico que hacen es llenarnos de culpa, angustia y desesperanza.<\/p>\n<p align=\"JUSTIFY\">Los milagros existen, si claro que s\u00ed, creo en ellos, pero no siempre ocurren. Hay gente que milagrosamente se sana, y otras no. Personas que se salvaron tras un accidente o una calamidad natural y otras que si murieron. Cuando ocurren los milagros, obviamente se debe agradecer fervientemente.<\/p>\n<p align=\"JUSTIFY\">El acto de rezar para m\u00ed no es solamente pedir a Dios que cambie el curso de las cosas, no digo no pedir, pero se deber\u00edan abandonar ciertas expectativas que tal vez sean imposibles. Deber\u00edamos rezar pidiendo fortaleza, contenci\u00f3n, templanza, para que nuestro coraz\u00f3n acepte sea lo que sea el desenlace. Dios no env\u00eda el problema, nos da la fuerza para hacerle frente.<\/p>\n<p align=\"JUSTIFY\">Tambi\u00e9n considero como un gesto de amor verdadero hac\u00eda pr\u00f3jimo, el rezar pidiendo por la salud y bienestar de alguien. Es m\u00e1s es algo que\u00a0 agradezco desde lo m\u00e1s profundo de mi ser, a quienes\u00a0 nos acompa\u00f1aron desde la oraci\u00f3n o pidieron por nosotros durantes nuestros momentos m\u00e1s oscuros.<\/p>\n<p align=\"JUSTIFY\">Desaprend\u00ed la idea de que Dios env\u00eda la carga o la situaci\u00f3n que debemos cargar, porque somos suficientemente fuertes para soportarla. Esto confunde mucho, pues si Dios me ama porqu\u00e9 me enviar\u00eda algo tan doloroso. En cambio reaprend\u00ed que fue el destino que estableci\u00f3 ya el acontecimiento y no Dios. Dios es quien me otorga la fortaleza necesaria para poder seguir adelante, ante el hecho predestinado.<\/p>\n<p align=\"JUSTIFY\">Creo en el Dios del amor infinito, quien est\u00e1 limitado por las leyes de la naturaleza, por la evoluci\u00f3n humana, por el libre albedr\u00edo que el mismo otorg\u00f3. No hago responsable a Dios de enfermedades, accidentes, y desastres naturales. Las cosas malas que ocurren no tienen ning\u00fan designio divino. No suceden para que las aceptemos como una penitencia y consecuencias de nuestros actos; pero podemos resignificarlo \u00bfC\u00f3mo? Ante preguntas como: \u00bfPor qu\u00e9 a m\u00ed? o \u00bfQu\u00e9 hice yo para merecer esto? Interrogantes que no tienen respuestas. Prefiero hacerme las siguientes preguntas: Ahora que ocurri\u00f3 \u00bfQu\u00e9 puedo hacer al respecto? \u00bfCu\u00e1l es mi posici\u00f3n ante lo ocurrido? No tengo control sobre lo que pas\u00f3, pero si tengo el control sobre mi actitud ante lo que pas\u00f3.<\/p>\n<p align=\"JUSTIFY\">Todo esto que mencion\u00e9 y m\u00e1s encontr\u00e9 en esta joya literaria, que no sab\u00eda que exist\u00eda y ahora la adopt\u00e9 como libro de cabecera. 167 p\u00e1ginas de empat\u00eda, realmente me sent\u00ed comprendida. Adem\u00e1s hall\u00e9 la interpretaci\u00f3n m\u00e1s acertada y real sobre la par\u00e1bola que sirvi\u00f3 de combustible a las llamas de mi enojo contra Dios, la explicaci\u00f3n que buscaba sobre la parabola de Joob, y dice textualmente as\u00ed: <b>\u201cLa respuesta podr\u00eda ser perdonar al mundo por no ser perfecto, perdonar a Dios por no hacer un mundo mejor, acercarnos a la gente que nos rodea y seguir viviendo a pesar de todo\u201d. <\/b><\/p>\n<p align=\"JUSTIFY\">Tambi\u00e9n rescato la afirmaci\u00f3n<b>: \u201cQue la capacidad de perdonar y de amar constituyen armas que Dios nos ha otorgado para que podamos vivir plena,<\/b> <b>valiente y significativamente en este mundo poco perfecto\u201d. <\/b>Gracias a esas facultades brindadas por Dios es que hoy sigo mi vida, honrando la memoria de Dari, mostrando mi mejor versi\u00f3n, y volviendo a ser feliz.<\/p>\n<p align=\"JUSTIFY\">\u201c<b>Dios Cuestionado\u201d<\/b><\/p>\n<p align=\"JUSTIFY\">Otro material que lleg\u00f3 justo a tiempo para poder cerrar estas ideas fue el nuevo libro de alguien a quien tengo una gran admiraci\u00f3n, siempre quise conocer y lo pude hacer en el d\u00eda m\u00e1s triste de mi vida, en el velorio de Dari. Se present\u00f3 el pa\u00b4i Jos\u00e9 Luis Caravias, como le gusta que le digan, y nos fundimos en un abrazo paternal. Para m\u00ed fue el primer regalo de mi Dari.<\/p>\n<p align=\"JUSTIFY\">Lejos de hablarme de la resignaci\u00f3n cristiana o de compararme con la Virgen, me dijo: <b>\u201cHoy tu ni\u00f1a esta en los brazos de nuestra madre Mar\u00eda, quien como madre te abraza a ti en lo m\u00e1s profundo de tu coraz\u00f3n\u201d&#8230;\u201dEres madre de una santa, ella ser\u00e1 la santa de la familia\u201d<\/b>. UFF!! Lo recuerdo y se me escapan las l\u00e1grimas. Fue un momento muy emotivo. Si bien, no entend\u00eda mucho de lo que me dijo en ese momento, hoy voy teniendo el discernimiento de ello. Ese encuentro fue una caricia profunda a mi alma.<\/p>\n<p align=\"JUSTIFY\">El Pa\u00b4i Caravias lanz\u00f3 un libro preciso y necesario. Son 42 preguntas que \u00e9l las va contestando con la singular caracter\u00edstica de sus pensamientos cr\u00edticos. El libro se llama <b>Dios cuestionado<\/b>, y la verdad abarca varias interrogantes que generalmente surgen cuando ocurre alg\u00fan evento que nos desestabiliza por completo.<\/p>\n<p align=\"JUSTIFY\">A veces me sorprendo de todo lo que aprend\u00ed, y de todo lo que siempre tuve a mi alrededor, y logr\u00e9 ver y valorar a partir de mi experiencia m\u00e1s dolorosa. Hoy entiendo que en su infinita misericordia Dios me ama, y me bendijo con el disfrute de la presencia de Dari durante dos a\u00f1os y medio, me eligieron para que fuera su mam\u00e1, la tarea m\u00e1s placentera que tuve en mi vida. Yo simplemente digo gracias por su vida, porque cambi\u00f3 para bien la m\u00eda.<\/p>\n<p align=\"JUSTIFY\">Vuelvo a recomendar estos grandes libros: * Cuando a la gente buena le pasan cosas malas de Harold S. Kusner y * Dios cuestionado, del querido pa\u00b4i Jos\u00e9 Luis Caravias.<\/p>\n<p align=\"JUSTIFY\">\n","protected":false},"excerpt":{"rendered":"<p>Como ya hab\u00eda contado respecto a c\u00f3mo surgi\u00f3 mi inter\u00e9s en la tanatolog\u00eda, al ver el v\u00eddeo de por qu\u00e9 a la gente buena le pasan cosas malas, de Gaby P\u00e9rez, fue una bocanada de &hellip; <\/p>\n","protected":false},"author":1,"featured_media":181,"comment_status":"open","ping_status":"open","sticky":false,"template":"","format":"standard","meta":{"footnotes":""},"categories":[2],"tags":[],"class_list":["post-179","post","type-post","status-publish","format-standard","has-post-thumbnail","hentry","category-articulos","has-single-img"],"_links":{"self":[{"href":"https:\/\/darimaestradevida.com\/index.php\/wp-json\/wp\/v2\/posts\/179","targetHints":{"allow":["GET"]}}],"collection":[{"href":"https:\/\/darimaestradevida.com\/index.php\/wp-json\/wp\/v2\/posts"}],"about":[{"href":"https:\/\/darimaestradevida.com\/index.php\/wp-json\/wp\/v2\/types\/post"}],"author":[{"embeddable":true,"href":"https:\/\/darimaestradevida.com\/index.php\/wp-json\/wp\/v2\/users\/1"}],"replies":[{"embeddable":true,"href":"https:\/\/darimaestradevida.com\/index.php\/wp-json\/wp\/v2\/comments?post=179"}],"version-history":[{"count":0,"href":"https:\/\/darimaestradevida.com\/index.php\/wp-json\/wp\/v2\/posts\/179\/revisions"}],"wp:featuredmedia":[{"embeddable":true,"href":"https:\/\/darimaestradevida.com\/index.php\/wp-json\/"}],"wp:attachment":[{"href":"https:\/\/darimaestradevida.com\/index.php\/wp-json\/wp\/v2\/media?parent=179"}],"wp:term":[{"taxonomy":"category","embeddable":true,"href":"https:\/\/darimaestradevida.com\/index.php\/wp-json\/wp\/v2\/categories?post=179"},{"taxonomy":"post_tag","embeddable":true,"href":"https:\/\/darimaestradevida.com\/index.php\/wp-json\/wp\/v2\/tags?post=179"}],"curies":[{"name":"wp","href":"https:\/\/api.w.org\/{rel}","templated":true}]}}