{"id":229,"date":"2021-05-10T13:41:14","date_gmt":"2021-05-10T13:41:14","guid":{"rendered":"https:\/\/darimaestradevida.com\/?p=229"},"modified":"2021-05-10T13:41:14","modified_gmt":"2021-05-10T13:41:14","slug":"mi-yo-de-ayer-y-de-hoy","status":"publish","type":"post","link":"https:\/\/darimaestradevida.com\/index.php\/2021\/05\/10\/mi-yo-de-ayer-y-de-hoy\/","title":{"rendered":"Mi yo de ayer y de hoy"},"content":{"rendered":"<p align=\"JUSTIFY\">Acept\u00e9 iniciar el viaje por el camino del duelo. Era inevitable, pues cada d\u00eda que pospon\u00eda comenzar el recorrido, m\u00e1s pesado se hac\u00eda el dolor. Para esa traves\u00eda cargu\u00e9 una mochila gigante, donde el mayor espacio fue ocupado por el dolor, tambi\u00e9n estaban el enojo, la rabia, las culpas, la tristeza, los miedos y los resentimientos contra todo lo que estaba a mi alrededor. Ya hab\u00eda hablado de esas emociones que me acompa\u00f1aron durante varias estaciones, y c\u00f3mo las pude desempacar para lograr un equipaje m\u00e1s liviano y hacer el recorrido m\u00e1s llevadero.<\/p>\n<p align=\"JUSTIFY\">En el trayecto de la sanaci\u00f3n tuve que realizarme varias interrogantes. La principal y sobre la que siempre hago referencia, es que actitud\u00a0 deb\u00eda asumir ante lo que me pas\u00f3. S\u00ed, porque al principio estaba convencida de que lo que hab\u00eda ocurrido era una tragedia que me ocurri\u00f3 a m\u00ed, v\u00edctima total del destino y de la vida, y como tal, deb\u00eda lamentarme y compadecerme.<\/p>\n<p align=\"JUSTIFY\">Con la carga m\u00e1s liviana, pero siempre acompa\u00f1ada de mi compa\u00f1ero fiel de duelo, el dolor, surge la primera interrogante ante el arribo a la estaci\u00f3n final, la aceptaci\u00f3n. La pregunta clave era \u00bfQui\u00e9n soy hoy? \u00bfEn qui\u00e9n me convert\u00ed despu\u00e9s de la muerte de Dari? Pens\u00e9 que no iba a poder responder, entonces tom\u00e9 un cuaderno, el cual adopt\u00e9 como un diario de viaje, y las respuestas en ese momento fueron:<\/p>\n<p align=\"JUSTIFY\">\u201c<i><b>Soy una persona que ama a su familia, que disfruta de sus amigos y afectos, ama la justicia, la empat\u00eda, y en la medida que puede, ayuda a los dem\u00e1s.<\/b><\/i><\/p>\n<p align=\"JUSTIFY\"><i><b>Soy honesta cr\u00edtica, fuerte, creo. Siempre que puedo recuerdo y honro a mis padres.<\/b><\/i><\/p>\n<p align=\"JUSTIFY\"><i><b>Consigo sacar fuerzas de donde cre\u00eda que no exist\u00edan.<\/b><\/i><\/p>\n<p align=\"JUSTIFY\"><i><b>Cuando hago algo para mis afectos espero que sea lo mejor posible, trato de ser ahorrativa y ense\u00f1ar eso a mis hijas.<\/b><\/i><\/p>\n<p align=\"JUSTIFY\"><i><b>Soy una persona que disfruta de la compa\u00f1\u00eda de Ra\u00fal. De descubrir juntos paisajes, lugares, incluso degustar comidas.<\/b><\/i><\/p>\n<p align=\"JUSTIFY\"><i><b>Soy una persona que encuentra satisfacci\u00f3n al cocinar algo nuevo para mi familia y que les haya encantado. Que esa comida haya sido elaborada con lo que ten\u00eda, es decir, sin receta espec\u00edfica.<\/b><\/i><\/p>\n<p align=\"JUSTIFY\"><i><b>Soy una persona que encontr\u00f3 gozo en el coraz\u00f3n, cuando empec\u00e9 el mural y al ver que puedo crear cosas bellas.<\/b><\/i><\/p>\n<p align=\"JUSTIFY\"><i><b>Soy la mam\u00e1 de dos ni\u00f1as que crecen y son buenas personas, tambi\u00e9n soy la mam\u00e1 de Dari que me espera en el cielo\u201d.<\/b><\/i><\/p>\n<p align=\"JUSTIFY\">En este cuaderno se encuentran los momentos m\u00e1s duros de mi duelo. Fue y es terap\u00e9utico, por eso les invito a que lo repliquen, que tengan una herramienta preciada, un diario, en el cual vayan describiendo lo que sienten, lo que piensan, lo que desean. Incluso pueden escribir que no tienen ganas de decir nada, eso tambi\u00e9n sana.<\/p>\n<p align=\"JUSTIFY\">Al concepto enunciado m\u00e1s arriba hoy puedo agregar con toda seguridad que soy alguien que disfruta de la vida, una persona convencida de que soy suficiente para m\u00ed y para los dem\u00e1s. Que la idea de poder tocar el coraz\u00f3n del otro y ayudarlo con su dolor, como lo hicieron conmigo, hace que encuentre un nuevo sentido a mi existencia, y todo eso, a partir de mi p\u00e9rdida m\u00e1s significativa.<\/p>\n<p align=\"JUSTIFY\">Soy alguien que tiene ganas de seguir aprendiendo, de seguir creciendo, alguien a quien ya el miedo no desestabiliza, ni paraliza. S\u00ed me desaf\u00eda a avanzar y a recibir lo que el destino y la vida tienen preparado para m\u00ed.<\/p>\n<p align=\"JUSTIFY\">Soy alguien que identifica sus emociones y sentimientos, los hace conscientes para poder analizar si se siente c\u00f3moda con ellos, y si no es as\u00ed, cambiarlos. No hay nada que yo no pueda hacer, tal vez sola no pueda, pero s\u00ed con la compa\u00f1\u00eda adecuada.<\/p>\n<p align=\"JUSTIFY\">Soy alguien que respeta el tiempo y espacio de quienes ama, por m\u00e1s de que muera de ganas de allanarles su camino, s\u00e9 que cada uno debe encontrarse de vuelta, construir la mejor versi\u00f3n de s\u00ed mismo. Solo me puedo limitar a acompa\u00f1ar, ser apoyo para los momentos tormentosos y prestar mi asistencia para agilizar la obra.<\/p>\n<p align=\"JUSTIFY\">Soy alguien que encontr\u00f3 m\u00e1s fortaleza que debilidad en el dolor que sufri\u00f3. Pensar que la situaci\u00f3n por la que uno pas\u00f3 no lo mat\u00f3, sino que le dio fuerzas para seguir. Es una especie de s\u00faper poder y se siente incre\u00edble sentirse poderosa ante el dolor m\u00e1s ruin que un ser humano puede atravesar. Estoy convencida de que la capacidad de resiliencia la tenemos todos, la debemos fomentar desde lo m\u00e1s profundo de nuestro interior y no debemos hacerlo solos, siempre en compa\u00f1\u00eda que nos sostenga y ampare.<\/p>\n<p align=\"JUSTIFY\">Soy alguien que no duda en pedir ayuda cuando se siente vulnerable. Que ratifica y defiende al 100 por ciento la terapia, la cual sana, salva y rescata. La terapia deber\u00eda ser obligatoria en los momentos de duelo. No solo facilita el tr\u00e1nsito en ese camino tortuoso, sino tambi\u00e9n otorga herramientas para crecer y edificar una mejor vida.<\/p>\n<p align=\"JUSTIFY\">Soy alguien a quien a\u00fan le duele la ausencia de su peque\u00f1o tesoro. Creo que ese dolor me acompa\u00f1ar\u00e1 siempre, pues es el recordatorio de que lo que perd\u00ed es valioso, y fue el precio que pagu\u00e9, por haber disfrutado de ella.<\/p>\n<p align=\"JUSTIFY\">No se preocupen, ya no es ese dolor insoportable y desgarrador, es la dulce nostalgia que limpia mi alma y coraz\u00f3n con las l\u00e1grimas, que tambi\u00e9n son sanadoras. Cada vez duele menos, y se recuerda m\u00e1s con alegr\u00eda. Siempre con el compromiso de honrar su memoria, siendo felices al lado de nuestros afectos que est\u00e1n a nuestro alrededor. Disfrutando del bien m\u00e1s preciado que perdi\u00f3 nuestro ser querido, la vida.<\/p>\n","protected":false},"excerpt":{"rendered":"<p>Acept\u00e9 iniciar el viaje por el camino del duelo. Era inevitable, pues cada d\u00eda que pospon\u00eda comenzar el recorrido, m\u00e1s pesado se hac\u00eda el dolor. Para esa traves\u00eda cargu\u00e9 una mochila gigante, donde el mayor &hellip; <\/p>\n","protected":false},"author":1,"featured_media":230,"comment_status":"open","ping_status":"open","sticky":false,"template":"","format":"standard","meta":{"footnotes":""},"categories":[2],"tags":[],"class_list":["post-229","post","type-post","status-publish","format-standard","has-post-thumbnail","hentry","category-articulos","has-single-img"],"_links":{"self":[{"href":"https:\/\/darimaestradevida.com\/index.php\/wp-json\/wp\/v2\/posts\/229","targetHints":{"allow":["GET"]}}],"collection":[{"href":"https:\/\/darimaestradevida.com\/index.php\/wp-json\/wp\/v2\/posts"}],"about":[{"href":"https:\/\/darimaestradevida.com\/index.php\/wp-json\/wp\/v2\/types\/post"}],"author":[{"embeddable":true,"href":"https:\/\/darimaestradevida.com\/index.php\/wp-json\/wp\/v2\/users\/1"}],"replies":[{"embeddable":true,"href":"https:\/\/darimaestradevida.com\/index.php\/wp-json\/wp\/v2\/comments?post=229"}],"version-history":[{"count":0,"href":"https:\/\/darimaestradevida.com\/index.php\/wp-json\/wp\/v2\/posts\/229\/revisions"}],"wp:featuredmedia":[{"embeddable":true,"href":"https:\/\/darimaestradevida.com\/index.php\/wp-json\/"}],"wp:attachment":[{"href":"https:\/\/darimaestradevida.com\/index.php\/wp-json\/wp\/v2\/media?parent=229"}],"wp:term":[{"taxonomy":"category","embeddable":true,"href":"https:\/\/darimaestradevida.com\/index.php\/wp-json\/wp\/v2\/categories?post=229"},{"taxonomy":"post_tag","embeddable":true,"href":"https:\/\/darimaestradevida.com\/index.php\/wp-json\/wp\/v2\/tags?post=229"}],"curies":[{"name":"wp","href":"https:\/\/api.w.org\/{rel}","templated":true}]}}