{"id":233,"date":"2021-05-16T16:24:41","date_gmt":"2021-05-16T16:24:41","guid":{"rendered":"https:\/\/darimaestradevida.com\/?p=233"},"modified":"2021-05-16T16:24:41","modified_gmt":"2021-05-16T16:24:41","slug":"la-muerte-de-mama","status":"publish","type":"post","link":"https:\/\/darimaestradevida.com\/index.php\/2021\/05\/16\/la-muerte-de-mama\/","title":{"rendered":"La muerte de mam\u00e1"},"content":{"rendered":"<p><span class=\"d2edcug0 hpfvmrgz qv66sw1b c1et5uql lr9zc1uh a8c37x1j keod5gw0 nxhoafnm aigsh9s9 d3f4x2em fe6kdd0r mau55g9w c8b282yb iv3no6db jq4qci2q a3bd9o3v knj5qynh oo9gr5id hzawbc8m\" dir=\"auto\">Ayer fue la celebraci\u00f3n del d\u00eda de las madres, y se que para muchos fue dif\u00edcil, porque somos varios los que no contamos con la presencia f\u00edsica de mam\u00e1, pero debemos recordar que su amor inmenso e incondicional vive dentro nuestro. Y el mayor deseo de toda madre es ver feliz a un hijo, creo que la mejor manera de honrar su memoria es siendo felices, con las herramientas que ella nos don\u00f3. Comparto con ustedes este Tanatopis, donde hay algunas recomendaciones para poder transitar el doloroso duelo por la p\u00e9rdida de mam\u00e1. <span class=\"pq6dq46d tbxw36s4 knj5qynh kvgmc6g5 ditlmg2l oygrvhab nvdbi5me sf5mxxl7 gl3lb2sf hhz5lgdu\"><img loading=\"lazy\" decoding=\"async\" src=\"https:\/\/static.xx.fbcdn.net\/images\/emoji.php\/v9\/tef\/1.5\/16\/1f49c.png\" alt=\"&#x1f49c;\" width=\"16\" height=\"16\" \/><\/span><span class=\"pq6dq46d tbxw36s4 knj5qynh kvgmc6g5 ditlmg2l oygrvhab nvdbi5me sf5mxxl7 gl3lb2sf hhz5lgdu\"><img loading=\"lazy\" decoding=\"async\" src=\"https:\/\/static.xx.fbcdn.net\/images\/emoji.php\/v9\/t14\/1.5\/16\/1f98b.png\" alt=\"&#x1f98b;\" width=\"16\" height=\"16\" \/><\/span><\/span><\/p>\n<p><iframe loading=\"lazy\" title=\"El fallecimiento de una madre (Tanatotip 23)\" width=\"825\" height=\"464\" src=\"https:\/\/www.youtube.com\/embed\/IDRJRH7IIxA?feature=oembed\" frameborder=\"0\" allow=\"accelerometer; autoplay; clipboard-write; encrypted-media; gyroscope; picture-in-picture\" allowfullscreen><\/iframe><\/p>\n","protected":false},"excerpt":{"rendered":"<p>Ayer fue la celebraci\u00f3n del d\u00eda de las madres, y se que para muchos fue dif\u00edcil, porque somos varios los que no contamos con la presencia f\u00edsica de mam\u00e1, pero debemos recordar que su amor &hellip; <\/p>\n","protected":false},"author":1,"featured_media":0,"comment_status":"open","ping_status":"open","sticky":false,"template":"","format":"standard","meta":{"footnotes":""},"categories":[5],"tags":[],"class_list":["post-233","post","type-post","status-publish","format-standard","hentry","category-recursos","has-single-img"],"_links":{"self":[{"href":"https:\/\/darimaestradevida.com\/index.php\/wp-json\/wp\/v2\/posts\/233","targetHints":{"allow":["GET"]}}],"collection":[{"href":"https:\/\/darimaestradevida.com\/index.php\/wp-json\/wp\/v2\/posts"}],"about":[{"href":"https:\/\/darimaestradevida.com\/index.php\/wp-json\/wp\/v2\/types\/post"}],"author":[{"embeddable":true,"href":"https:\/\/darimaestradevida.com\/index.php\/wp-json\/wp\/v2\/users\/1"}],"replies":[{"embeddable":true,"href":"https:\/\/darimaestradevida.com\/index.php\/wp-json\/wp\/v2\/comments?post=233"}],"version-history":[{"count":0,"href":"https:\/\/darimaestradevida.com\/index.php\/wp-json\/wp\/v2\/posts\/233\/revisions"}],"wp:attachment":[{"href":"https:\/\/darimaestradevida.com\/index.php\/wp-json\/wp\/v2\/media?parent=233"}],"wp:term":[{"taxonomy":"category","embeddable":true,"href":"https:\/\/darimaestradevida.com\/index.php\/wp-json\/wp\/v2\/categories?post=233"},{"taxonomy":"post_tag","embeddable":true,"href":"https:\/\/darimaestradevida.com\/index.php\/wp-json\/wp\/v2\/tags?post=233"}],"curies":[{"name":"wp","href":"https:\/\/api.w.org\/{rel}","templated":true}]}}