{"id":248,"date":"2021-05-31T13:09:10","date_gmt":"2021-05-31T13:09:10","guid":{"rendered":"https:\/\/darimaestradevida.com\/?p=248"},"modified":"2021-05-31T13:09:10","modified_gmt":"2021-05-31T13:09:10","slug":"aprendi-a-ser-mi-propia-madre","status":"publish","type":"post","link":"https:\/\/darimaestradevida.com\/index.php\/2021\/05\/31\/aprendi-a-ser-mi-propia-madre\/","title":{"rendered":"Aprend\u00ed a ser mi propia madre"},"content":{"rendered":"<p>Uno de los textos que encontr\u00e9 en mi diario de duelo, se lo dediqu\u00e9 a mi madre. Obviamente es una de las mujeres m\u00e1s importantes en mi vida, no solo porque ella me procre\u00f3, sino por todo lo que representa su imagen en nuestra familia, la cual siempre estuvo marcada por el matriarcado que ella ejerc\u00eda. Bien o mal no estoy en este mundo para juzgar eso, aunque s\u00ed tengo la certeza de que todo lo que ella hizo fue de la mejor manera posible, con los recursos que ten\u00eda, con su entrega incondicional.<\/p>\n<p>El escrito dec\u00eda as\u00ed: Ayer record\u00e9 a mi madre, \u00bfpor qu\u00e9? Porque me di cuenta que la necesito m\u00e1s que nunca y la extra\u00f1o en demas\u00eda. Cuando entro a mi cabeza caigo en el pozo profundo de la depresi\u00f3n, quien siempre me espera con los brazos abiertos, no para cobijarme, sino para asfixiarme. Extra\u00f1o a mam\u00e1. No solo para que me sostenga en esos momentos sino para que con una \u201cputeada\u201d me despabile y me diga: \u201cYa est\u00e1 mi hija: Oiko la oiko\u00b4ar\u00e1 (pas\u00f3 lo que ten\u00eda que pasar, en su traducci\u00f3n del guaran\u00ed) y no se puede cambiar, as\u00ed que uno se levanta y sigue.<\/p>\n<p>Si, as\u00ed era mi mam\u00e1, y con ese \u00edmpetu me hubiera sacudido, pero seguro con dolor al verme sufrir, mostrando siempre su templanza que la caracterizaba. En ese momento supe que encontr\u00e9 la respuesta a las preguntas insistentes de algunas personas: \u201c\u00bfDe d\u00f3nde sac\u00f3 las fuerzas para seguir?, Si bien, respond\u00eda convencida que el amor de Dari me otorgaba fortaleza, entend\u00ed tambi\u00e9n que lo hab\u00eda heredado de mi mam\u00e1.<\/p>\n<p>C\u00f3mo no ser como ella, si fue la que me gest\u00f3, me pari\u00f3 y me cri\u00f3. Una mujer dotada de una fuerza \u00fanica. Obviamente deb\u00eda seguir ese modelo, o por lo menos, hacer el esfuerzo para honrar as\u00ed su memoria. Todo lo que con su ejemplo\u00a0 nos ense\u00f1\u00f3 y sembr\u00f3 tiene una abundante y buena cosecha,\u00a0 pues yo soy el testimonio vivo de ello.<\/p>\n<p>En otro art\u00edculo ya hice referencia a la firmeza y entereza de mi madre, cuando me cuestionaba ser objeto de admiraci\u00f3n de los dem\u00e1s, ella fue mi respuesta. Hizo tan buen trabajo que hoy me di cuenta que pude convertirme en mi propia madre, es decir, me ense\u00f1\u00f3 a no necesitarla f\u00edsicamente, me ense\u00f1\u00f3 a cuidarme, a consolarme, a sacudirme, despertarme, y por, sobre todo, me ense\u00f1\u00f3 a escuchar mi voz interior, a escucharme detenidamente y entender que soy la due\u00f1a de mi vida y que debo hacerme cargo de ella.<\/p>\n<p>Espero poder ense\u00f1ar todo esto a mis hijas, que cuando sean mayores o cuando yo parta de este mundo, no me necesiten, que se conozcan, que se despabilen solas, que puedan crecer escuchando su propia voz, y as\u00ed tomar las mejores decisiones en su vida, y por, sobre todo, puedan ser felices.<\/p>\n<p>Con la Tanatolog\u00eda comprend\u00ed que el duelo por la muerte de mi madre estaba cerrado, fue uno de los mejores que recorr\u00ed, \u00bfpor qu\u00e9? Porque ten\u00eda firme el sentimiento de la satisfacci\u00f3n del deber cumplido, no qued\u00f3 nada pendiente entre nosotras. Si bien, no era mi confidente, ni mucho menos mi amiga, yo ten\u00eda la certeza de que era una de las personas que m\u00e1s me amaba, al igual que ella sab\u00eda lo que representaba para m\u00ed.<\/p>\n<p>La Dra. Elizabeth Kubler Ross, qui\u00e9n es considerada la madre de la Tanatolog\u00eda, afirmaba lo siguiente: <strong><em>\u201cUno no llega a ser el adulto que quiere ser hasta que no se convierte en su propia madre y padre\u201d<\/em><\/strong>, lo cual es as\u00ed, o por lo menos tengo la creencia que debe ser as\u00ed.<\/p>\n<p>Perder a mam\u00e1 fue dif\u00edcil, pes\u00f3 y doli\u00f3 mucho. Pero el v\u00ednculo que forjamos juntas permanece, ah\u00ed radica la importancia de fortalecer los lazos que nos unen con nuestros afectos, no basta con solo amar, sino se debe trabajar en apuntalar bien los cimientos de lo que construimos en cada relaci\u00f3n. Perdonar lo que se deba perdonar y pedir perd\u00f3n por lo que uno crea en que fall\u00f3.<\/p>\n<p>Seguir con su legado no es tarea f\u00e1cil, para lograrlo debo continuar con el viaje del aprendizaje, siempre en movimiento. Y es\u00a0 gracias a su legado se me dificulta quedarme pac\u00edficamente en el pozo, esperando que transcurra el tiempo, ese pozo al que cada vez visito menos, o por lo menos, por periodos m\u00e1s cortos. Con el dolor tenemos otro trato, una amistad, pues soy consciente que me acompa\u00f1ar\u00e1 por siempre, y cuando se torne intolerable, s\u00e9 que lo podr\u00e9 manejar, total tengo la garant\u00eda de contar con unos genes de una s\u00faper mujer: mi mam\u00e1.<\/p>\n<p>Qu\u00e9 alegr\u00eda siento al leer lo que escrib\u00ed en mi diario de duelo, pues a pesar de que en los primeros meses de la muerte de Dari, el sufrimiento parec\u00eda no tener fin, hab\u00eda un dejo de esperanza y luz. En ese camino lleno de tinieblas encontr\u00e9 el origen de mi fortaleza y ten\u00eda cierta convicci\u00f3n de que finalmente iba a restaurar el bien que hab\u00eda perdido, la paz de mi cabeza, alma y coraz\u00f3n.<\/p>\n<p>Cada vez que lo leo siento que estoy leyendo la historia de otra persona, porque efectivamente era otra, estaba quebrada, desorientada, confundida, desconsolada, y aun as\u00ed era innegable que contaba con una energ\u00eda excepcional que corr\u00eda por mis venas, con cual pude iniciar mi reconstrucci\u00f3n\u00a0 de entre los escombros del coraz\u00f3n en una versi\u00f3n mejor.<\/p>\n","protected":false},"excerpt":{"rendered":"<p>Uno de los textos que encontr\u00e9 en mi diario de duelo, se lo dediqu\u00e9 a mi madre. Obviamente es una de las mujeres m\u00e1s importantes en mi vida, no solo porque ella me procre\u00f3, sino &hellip; <\/p>\n","protected":false},"author":1,"featured_media":249,"comment_status":"open","ping_status":"open","sticky":false,"template":"","format":"standard","meta":{"footnotes":""},"categories":[2],"tags":[],"class_list":["post-248","post","type-post","status-publish","format-standard","has-post-thumbnail","hentry","category-articulos","has-single-img"],"_links":{"self":[{"href":"https:\/\/darimaestradevida.com\/index.php\/wp-json\/wp\/v2\/posts\/248","targetHints":{"allow":["GET"]}}],"collection":[{"href":"https:\/\/darimaestradevida.com\/index.php\/wp-json\/wp\/v2\/posts"}],"about":[{"href":"https:\/\/darimaestradevida.com\/index.php\/wp-json\/wp\/v2\/types\/post"}],"author":[{"embeddable":true,"href":"https:\/\/darimaestradevida.com\/index.php\/wp-json\/wp\/v2\/users\/1"}],"replies":[{"embeddable":true,"href":"https:\/\/darimaestradevida.com\/index.php\/wp-json\/wp\/v2\/comments?post=248"}],"version-history":[{"count":0,"href":"https:\/\/darimaestradevida.com\/index.php\/wp-json\/wp\/v2\/posts\/248\/revisions"}],"wp:featuredmedia":[{"embeddable":true,"href":"https:\/\/darimaestradevida.com\/index.php\/wp-json\/"}],"wp:attachment":[{"href":"https:\/\/darimaestradevida.com\/index.php\/wp-json\/wp\/v2\/media?parent=248"}],"wp:term":[{"taxonomy":"category","embeddable":true,"href":"https:\/\/darimaestradevida.com\/index.php\/wp-json\/wp\/v2\/categories?post=248"},{"taxonomy":"post_tag","embeddable":true,"href":"https:\/\/darimaestradevida.com\/index.php\/wp-json\/wp\/v2\/tags?post=248"}],"curies":[{"name":"wp","href":"https:\/\/api.w.org\/{rel}","templated":true}]}}