{"id":257,"date":"2021-06-07T13:09:26","date_gmt":"2021-06-07T13:09:26","guid":{"rendered":"https:\/\/darimaestradevida.com\/?p=257"},"modified":"2021-06-07T13:09:26","modified_gmt":"2021-06-07T13:09:26","slug":"con-el-duelo-me-conecte-con-mi-intuicion","status":"publish","type":"post","link":"https:\/\/darimaestradevida.com\/index.php\/2021\/06\/07\/con-el-duelo-me-conecte-con-mi-intuicion\/","title":{"rendered":"Con el duelo me conect\u00e9 con mi intuici\u00f3n"},"content":{"rendered":"<p align=\"JUSTIFY\">Al revisar mi diario del duelo not\u00e9 que no solo hac\u00eda referencia de lo que aprend\u00eda d\u00eda a d\u00eda, o de lo doloroso que se tornaba el continuar la vida con la ausencia de Dari. Los primeros meses fueron de m\u00e1s sufrimiento, pues era darse cuenta de que no estaba y no regresar\u00eda. Tambi\u00e9n pude afinar la conexi\u00f3n con mi intuici\u00f3n al identificar determinadas conductas que realmente me molestaban en ciertas personas. As\u00ed como conoc\u00ed y se aceraron a m\u00ed quienes me brindaron su hombro como apoyo, hubo algunos que se alejaron o simplemente optaron por observar desde lejos el derrumbe de nuestras vidas.<\/p>\n<p align=\"JUSTIFY\">Era como una revelaci\u00f3n entender lo que pasaba a mi alrededor. Es as\u00ed que pude hacer la siguiente observaci\u00f3n: \u201cIgnorar lo que me molesta&#8230;\u201d. No, mejor dicho, hacerle caso a mi intuici\u00f3n y no ir donde no quiero, o donde no me siento c\u00f3moda. Ignorar a quienes les genera roncha o incomodidad mi conducta ante la adversidad que estoy atravesando.<\/p>\n<p align=\"JUSTIFY\">Esta fortaleza que fue objeto de admiraci\u00f3n, tambi\u00e9n lo fue de envidia. O tal vez, la atenci\u00f3n que recib\u00eda por mostrar entereza en algunos momentos. No s\u00e9 qu\u00e9 acci\u00f3n m\u00eda podr\u00eda generar envidia, y si es as\u00ed pues les digo que no es nada envidiable tener el coraz\u00f3n destrozado y el alma herida por la muerte de Dari.<\/p>\n<p align=\"JUSTIFY\">Tendr\u00eda que haber sido yo quien les envidie ya que poseen lo que yo perd\u00ed, o por lo menos no sufren de la manera en que lo estoy haciendo. Esto hizo que me pregunte: \u00bfQu\u00e9 es lo que realmente ellos carecen? O \u00bfQu\u00e9 es lo que hace que no toleren que muestre leves ganas de seguir? Creo que son interrogantes sin respuestas, o por lo menos no est\u00e1 en m\u00ed responderlas.<\/p>\n<p align=\"JUSTIFY\">Si las interpelo con mi conducta es porque hay algo mucho m\u00e1s profundo en lo \u00edntimo de su esencia que les molesta, ya que todos somos el reflejo del otro. Ojal\u00e1 puedan hacer una introspecci\u00f3n y responderse, o por lo menos admitir lo que les pasa. Solo as\u00ed creo que podr\u00e1n crecer y aprender de la tragedia del otro y no esperar que les suceda un hecho que golpee sus vidas. Tal vez as\u00ed podr\u00edan aprender a tener un poco de empat\u00eda, virturd que muchos carecen.<\/p>\n<p align=\"JUSTIFY\">Aprend\u00ed a ignorarlos, porque esa gente no va a cambiar, y creo que yo tampoco. S\u00ed voy a crecer y seguir, y quienes deseen acompa\u00f1arme, ser\u00e1n bienvenidos a esta traves\u00eda por la ruta del duelo.<\/p>\n<p align=\"JUSTIFY\">Se agudizaron mis o\u00eddos y puedo escuchar m\u00e1s claramente a mi intuici\u00f3n, para hacer lo que me haga sentir bien e ir a donde sienta bienestar. Con aquellos que me valoran, as\u00ed como estoy en estos momentos.<\/p>\n<p align=\"JUSTIFY\">No entiendo c\u00f3mo pueden mirar a alguien rota, mutilada, devastada y no conmoverse o sentir pena. En ocasiones el resentimiento es una emoci\u00f3n muy cruel, especialmente si se siente por una persona que sufre.<\/p>\n<p align=\"JUSTIFY\">Que complicada se vuelve la convivencia con personas as\u00ed. Pero bueno, es nuevamente un aprendizaje m\u00e1s. Tambi\u00e9n es una oportunidad para depurar mi acervo emotivo, y quedarme solo con qui\u00e9nes realmente valen la pena. Adem\u00e1s, esta situaci\u00f3n me permite ense\u00f1arles a las nenas que lastimosamente existen personas as\u00ed, y hay que aprender a relacionarse con ellas, sin que sus dichos afecten la estabilidad emocional.<\/p>\n<p align=\"JUSTIFY\">Lo positivo de esto es poder identificar, y, por ende, decidir si las dejamos o no entrar a nuestras vidas. Obviamente lo m\u00e1s sano es que no y dejarlas seguir su camino, a su manera. Siempre perdon\u00e1ndolas, pero no por ellas, sino por uno mismo para llenar el alma de paz. Un alma con paz hace m\u00e1s llevadero el tr\u00e1nsito por esta vida y m\u00e1s a\u00fan cuando se lleva de compa\u00f1ero al dolor.<\/p>\n<p align=\"JUSTIFY\">En esas p\u00e1ginas de mi diario se evidencia como las personas que atravesamos por el duelo podemos producir una diversidad de sentimientos que afectan de manera indirecta a los dem\u00e1s, y estas emociones pueden ser buenas o malas; y cuando nos causan pesar dificultan un poco el camino del dolor.<\/p>\n<p align=\"JUSTIFY\">Por ello\u00a0 debemos tener la seguridad\u00a0 de que lo que \u00e9l otro piense y sienta, no lo provocamos nosotros, ni es nuestra culpa. Tal vez est\u00e9 lidiando con su propio infierno en su interior causando un desequilibrio general. Nuestra \u00fanica responsabilidad es sanar, y lo que hagamos para lograrlo es asunto nuestro y de nadie m\u00e1s. Dejemos de preocuparnos por lo que los dem\u00e1s pensar\u00e1n, es algo que nunca lo podremos controlar.<\/p>\n<p align=\"JUSTIFY\">Adem\u00e1s nadie puede decirnos que sentir, ni en que tiempo debemos concluir nuestro duelo. Nuestra pena por la p\u00e9rdida de nuestro ser querido es el bien m\u00e1s intimo y preciado que poseemos. Aceptemos y seamos una compa\u00f1\u00eda atenta y emp\u00e1tica. Agradezco a Dios y al universo por que desde el principio pude contar con una red de apoyo que me permiti\u00f3 tener m\u00e1s solidez en este trayecto tan incierto.<\/p>\n<p align=\"JUSTIFY\">Debemos fortalecer la creencia que la circunstancia por la cual estamos atravesando y cre\u00edamos nos destruir\u00eda, no lo hizo, nos ayud\u00f3 a construir una mejor versi\u00f3n de nosotros, lo cual hace que podamos relacionarnos y ayudar a quienes est\u00e9n dispuestos, abiertos y necesiten apoyo. <em><strong>\u201cEsto definitivamente no me va a destruir me va a construir en una mejor persona\u201d.<\/strong><\/em><\/p>\n","protected":false},"excerpt":{"rendered":"<p>Al revisar mi diario del duelo not\u00e9 que no solo hac\u00eda referencia de lo que aprend\u00eda d\u00eda a d\u00eda, o de lo doloroso que se tornaba el continuar la vida con la ausencia de Dari. &hellip; <\/p>\n","protected":false},"author":1,"featured_media":258,"comment_status":"open","ping_status":"open","sticky":false,"template":"","format":"standard","meta":{"footnotes":""},"categories":[2],"tags":[],"class_list":["post-257","post","type-post","status-publish","format-standard","has-post-thumbnail","hentry","category-articulos","has-single-img"],"_links":{"self":[{"href":"https:\/\/darimaestradevida.com\/index.php\/wp-json\/wp\/v2\/posts\/257","targetHints":{"allow":["GET"]}}],"collection":[{"href":"https:\/\/darimaestradevida.com\/index.php\/wp-json\/wp\/v2\/posts"}],"about":[{"href":"https:\/\/darimaestradevida.com\/index.php\/wp-json\/wp\/v2\/types\/post"}],"author":[{"embeddable":true,"href":"https:\/\/darimaestradevida.com\/index.php\/wp-json\/wp\/v2\/users\/1"}],"replies":[{"embeddable":true,"href":"https:\/\/darimaestradevida.com\/index.php\/wp-json\/wp\/v2\/comments?post=257"}],"version-history":[{"count":0,"href":"https:\/\/darimaestradevida.com\/index.php\/wp-json\/wp\/v2\/posts\/257\/revisions"}],"wp:featuredmedia":[{"embeddable":true,"href":"https:\/\/darimaestradevida.com\/index.php\/wp-json\/"}],"wp:attachment":[{"href":"https:\/\/darimaestradevida.com\/index.php\/wp-json\/wp\/v2\/media?parent=257"}],"wp:term":[{"taxonomy":"category","embeddable":true,"href":"https:\/\/darimaestradevida.com\/index.php\/wp-json\/wp\/v2\/categories?post=257"},{"taxonomy":"post_tag","embeddable":true,"href":"https:\/\/darimaestradevida.com\/index.php\/wp-json\/wp\/v2\/tags?post=257"}],"curies":[{"name":"wp","href":"https:\/\/api.w.org\/{rel}","templated":true}]}}