{"id":272,"date":"2021-07-05T13:19:14","date_gmt":"2021-07-05T13:19:14","guid":{"rendered":"https:\/\/darimaestradevida.com\/?p=272"},"modified":"2021-07-05T13:19:14","modified_gmt":"2021-07-05T13:19:14","slug":"no-se-olvida-lo-que-forma-parte-de-nuestra-esencia","status":"publish","type":"post","link":"https:\/\/darimaestradevida.com\/index.php\/2021\/07\/05\/no-se-olvida-lo-que-forma-parte-de-nuestra-esencia\/","title":{"rendered":"No se olvida lo que forma parte de nuestra esencia"},"content":{"rendered":"<p align=\"JUSTIFY\">A lo largo del recorrido del duelo, llega el aprendizaje de diferentes maneras, por medio de libros, de personas y tambi\u00e9n de pel\u00edculas, fue una de las formas m\u00e1s placenteras, creo yo, de tratar de entender lo que ocurr\u00eda a mi alrededor. De manera casi accidental pude ver una serie espa\u00f1ola llamada Monte Perdido.<\/p>\n<p align=\"JUSTIFY\">Si bien, soy fan del g\u00e9nero suspenso y del cine espa\u00f1ol, por eso la eleg\u00ed, no sab\u00eda que conten\u00eda temas relacionados al duelo, de hecho, con esta nueva conciencia veo el duelo en todas partes y en cada pel\u00edcula que trate sobre una p\u00e9rdida, ya que b\u00e1sicamente el duelo es inevitable ante algo que se perdi\u00f3 y causa dolor.<\/p>\n<p align=\"JUSTIFY\">Esta serie trata de unas ni\u00f1as muy amigas, que viv\u00edan en una zona boscosa y llena de monta\u00f1as, y en un d\u00eda de invierno desaparecieron&#8230; Mejor dicho, fueron secuestradas. No voy a spoilear la serie, pues vale la pena verla. Para m\u00ed fue revelador, ya que pude ver como espectadora lo que a m\u00ed me ocurri\u00f3 en el primer a\u00f1o de la muerte de Dari, el terror espantoso a que la olviden.<\/p>\n<p align=\"JUSTIFY\">El hecho de ver que la gente segu\u00eda con su vida, para m\u00ed significaba que la hab\u00edan olvidado. Incluso de que ella no fue importante para ciertas personas. En la serie pude ver c\u00f3mo los dem\u00e1s dolientes mostraban tambi\u00e9n sus heridas, es decir, como todos de manera diferente sufren por el dolor causado por la p\u00e9rdida. As\u00ed como somos distintos en toda nuestra extensi\u00f3n, todos duelamos de forma distinta. Esto hizo que pueda abrir los ojos ya que me negaba a ampliar la perspectiva de todo lo que ten\u00eda alrededor.<\/p>\n<p align=\"JUSTIFY\">Esto dio un giro inmenso en mi cabeza, pues pude entender que las personas que fuimos importantes para nuestro ser querido, no las olvidaremos jam\u00e1s y con esa simple certeza nos debe bastar. S\u00ed, debe ser as\u00ed, pues no podemos pretender que todo aquel que lo o la conoci\u00f3 siga manteniendo viva su memoria, o tal vez tengan otra forma distinta para hacerlo no como yo tal vez quisiera.<\/p>\n<p align=\"JUSTIFY\">Es que el af\u00e1n de no olvidar es tan nocivo que incluso pretend\u00eda idealizar la vida de Dari, al punto de santificarla, tremendo, dotarle de tal responsabilidad pues la hac\u00eda responsable de lo que sent\u00eda y lo que har\u00eda con eso que sent\u00eda. Ese temor a que la olviden era tan grande que lo \u00fanico que consegu\u00ed fue incrementar la rabia, el rencor, la ira, contra quienes continuaban con su vida y la hab\u00edan olvidado, seg\u00fan mi cabeza, y, por ende, el veneno de esas emociones nocivas me enfermaba. Creo que, si uno se descuida, la mente puede convertirse en el peor enemigo durante el duelo.<\/p>\n<p align=\"JUSTIFY\">No me fue f\u00e1cil, pero una vez que entend\u00ed y aprend\u00ed que jam\u00e1s vamos a olvidar a aquellos que ya son parte nuestra, una vez que acept\u00e9 que Dari ya se encontraba dentro m\u00edo, en el lugar m\u00e1s seguro del mundo que es mi coraz\u00f3n, con ese aprendizaje, obtuve un poco de paz.<\/p>\n<p align=\"JUSTIFY\">En el trayecto por el camino de l\u00e1grimas, no solo se pierden los l\u00edquidos que lloramos, se incrementa tambi\u00e9n la angustia, la tristeza y la desolaci\u00f3n. Es sumamente importante hidratarnos no solo con el agua, sustancia vital, pues limpia, sino tambi\u00e9n debemos nutrirnos con paciencia, amor y esperanza.<\/p>\n<p align=\"JUSTIFY\">Reitero nuevamente mi recomendaci\u00f3n de cuidarnos a nosotros mismos primero para poder terminar este recorrido con \u00e9xito. Le\u00ed por ah\u00ed que el agua cura, purifica, nutre, deber\u00eda ser obligatorio beber ocho vasos, o m\u00e1s, de ese l\u00edquido en los momentos dif\u00edciles.<\/p>\n<p align=\"JUSTIFY\">La lecci\u00f3n aprendida, aceptar que la ausencia duele, y doler\u00e1 siempre, no importa la cantidad de tiempo que pase, pero ya no da\u00f1a, forma parte del esquema de mi cuerpo y alma, de mi esencia. Fue muy doloroso y reconozco que no estaba preparada para ese golpe tan duro y certero del destino, m\u00e1s s\u00ed estoy convencida de que puedo salir adelante, de hecho, lo hice, soy prueba viviente de que lo que pareciera que te va a destruir, te reconstruye y uno tiene la libertad de elegir que esa nueva edificaci\u00f3n sea buena o no. Yo eleg\u00ed ser mejor, ser feliz por m\u00ed, por Dari, por los que est\u00e1n conmigo ahora y por los que vayan apareciendo para acompa\u00f1arme en este viaje por la vida. A veces el paisaje del trayecto, vale m\u00e1s la pena que el destino final.<\/p>\n<p align=\"JUSTIFY\">Espero puedan disfrutar de la serie que les mencion\u00e9; aparte de ser cautivadora, est\u00e1 llena de ense\u00f1anzas. No dejo de sorprenderme c\u00f3mo la p\u00e9rdida, el dolor, el duelo, forman parte de la cotidianidad de la vida, y, por ende, est\u00e1n reflejados no solo en libros, sino tambi\u00e9n en los filmes cinematogr\u00e1ficos. Muchas veces los vemos, pero no queremos ver realmente, pero est\u00e1n ah\u00ed, y no se ir\u00e1n hasta que miremos de frente y lo trabajemos, porque el duelo requiere de un trabajo, que, en algunos casos, son m\u00e1s arduos que otros.<\/p>\n<p align=\"JUSTIFY\">Con esta nueva conciencia que me regal\u00f3 mi duelo me es f\u00e1cil identificar los mensajes de lo que veo, incluso volviendo a ver pel\u00edculas que hab\u00eda visto hac\u00eda a\u00f1os. Ese descubrimiento me pone feliz, pues tengo la certeza de que la vida nunca va a dejar de maravillarme, incluso en los instantes de dificultad y dolor. Deseo lo mismo para todos ustedes.<\/p>\n<p align=\"JUSTIFY\">\n","protected":false},"excerpt":{"rendered":"<p>A lo largo del recorrido del duelo, llega el aprendizaje de diferentes maneras, por medio de libros, de personas y tambi\u00e9n de pel\u00edculas, fue una de las formas m\u00e1s placenteras, creo yo, de tratar de &hellip; <\/p>\n","protected":false},"author":1,"featured_media":273,"comment_status":"open","ping_status":"open","sticky":false,"template":"","format":"standard","meta":{"footnotes":""},"categories":[2],"tags":[],"class_list":["post-272","post","type-post","status-publish","format-standard","has-post-thumbnail","hentry","category-articulos","has-single-img"],"_links":{"self":[{"href":"https:\/\/darimaestradevida.com\/index.php\/wp-json\/wp\/v2\/posts\/272","targetHints":{"allow":["GET"]}}],"collection":[{"href":"https:\/\/darimaestradevida.com\/index.php\/wp-json\/wp\/v2\/posts"}],"about":[{"href":"https:\/\/darimaestradevida.com\/index.php\/wp-json\/wp\/v2\/types\/post"}],"author":[{"embeddable":true,"href":"https:\/\/darimaestradevida.com\/index.php\/wp-json\/wp\/v2\/users\/1"}],"replies":[{"embeddable":true,"href":"https:\/\/darimaestradevida.com\/index.php\/wp-json\/wp\/v2\/comments?post=272"}],"version-history":[{"count":0,"href":"https:\/\/darimaestradevida.com\/index.php\/wp-json\/wp\/v2\/posts\/272\/revisions"}],"wp:featuredmedia":[{"embeddable":true,"href":"https:\/\/darimaestradevida.com\/index.php\/wp-json\/"}],"wp:attachment":[{"href":"https:\/\/darimaestradevida.com\/index.php\/wp-json\/wp\/v2\/media?parent=272"}],"wp:term":[{"taxonomy":"category","embeddable":true,"href":"https:\/\/darimaestradevida.com\/index.php\/wp-json\/wp\/v2\/categories?post=272"},{"taxonomy":"post_tag","embeddable":true,"href":"https:\/\/darimaestradevida.com\/index.php\/wp-json\/wp\/v2\/tags?post=272"}],"curies":[{"name":"wp","href":"https:\/\/api.w.org\/{rel}","templated":true}]}}