{"id":308,"date":"2021-08-30T13:11:42","date_gmt":"2021-08-30T13:11:42","guid":{"rendered":"https:\/\/darimaestradevida.com\/?p=308"},"modified":"2021-08-30T13:11:42","modified_gmt":"2021-08-30T13:11:42","slug":"mi-epitafio-con-el-duelo-tome-conciencia-de-la-vida","status":"publish","type":"post","link":"https:\/\/darimaestradevida.com\/index.php\/2021\/08\/30\/mi-epitafio-con-el-duelo-tome-conciencia-de-la-vida\/","title":{"rendered":"Mi epitafio. Con el duelo tom\u00e9 conciencia de la vida"},"content":{"rendered":"<p align=\"JUSTIFY\">Una vez durante el curso de tanatolog\u00eda, me dieron como tarea pensar y escribir qu\u00e9 me gustar\u00eda que dijera mi epitafio, c\u00f3mo me gustar\u00eda que me recordar\u00e1n. Pues jam\u00e1s me plante\u00e9 esa situaci\u00f3n, es decir, no hab\u00eda pensado qu\u00e9 ser\u00eda despu\u00e9s de mi muerte o c\u00f3mo me recordar\u00edan, o si lo har\u00edan. Como deb\u00eda contestar, me tom\u00e9 unos minutos para pensar, no sab\u00eda qu\u00e9 responder.<\/p>\n<p align=\"JUSTIFY\">Luego de analizar, y teniendo en cuenta que en ese momento la idea de la muerte me parec\u00eda hasta atractiva, pues lo \u00fanico que pensaba era estar con Dari, respond\u00ed: \u201c<b>Aqu\u00ed yace una madre con el coraz\u00f3n partido. Una parte del mismo est\u00e1 en la tierra y otra en el cielo. Hoy se fue al encuentro de ese pedazo\u201d. <\/b>Lo escrib\u00ed llorando pensando en mi pedacito&#8230; no en la parte que estaba a mi alrededor.<\/p>\n<p align=\"JUSTIFY\">Ante mi respuesta, autom\u00e1ticamente me cuestion\u00e9 lo siguiente, mejor dicho, como ejercicio me formul\u00e9 la siguiente interrogante: \u00bfEse coraz\u00f3n as\u00ed partido no contiene amor? La respuesta era obvia, dije que s\u00ed, que estaba lleno de amor hacia mis seres queridos, tambi\u00e9n estaba sumido bajo el dolor de la p\u00e9rdida de Dari.<\/p>\n<p align=\"JUSTIFY\">Ese concepto err\u00f3neo que ten\u00eda sobre mi coraz\u00f3n cambi\u00f3 con el tiempo y con trabajo entend\u00ed que no lo ten\u00eda as\u00ed partido, sino que estaba extendido de manera enorme que iba desde la tierra hasta el cielo. Y en un coraz\u00f3n tan extenso \u00bfc\u00f3mo no iba a haber amor infinito? Y as\u00ed fue una de las maneras en que mi coraz\u00f3n entendi\u00f3 su nueva anatom\u00eda, para seguir adelante incluso con m\u00e1s fuerza. Una frase de la canci\u00f3n de Andr\u00e9s Calamaro dice as\u00ed: <b>\u201cEn el fondo es tan hondo mi dolor, porque me voy y no se puede cambiar, el coraz\u00f3n como de sombrero, si haber sufrido primero\u201d. <\/b>El dolor transform\u00f3 mi coraz\u00f3n, lo hizo m\u00e1s grande para que quepan m\u00e1s personas, m\u00e1s amor, y doy gracias por ello.<\/p>\n<p align=\"JUSTIFY\">Al entregar ese ejercicio me volvieron a preguntar si el dolor de la p\u00e9rdida de Dari era mayor al amor que sent\u00eda por ella y por el resto de mi familia. Esta interrogante me despabil\u00f3 de manera estrepitosa. Por supuesto que mi amor es mucho m\u00e1s grande que todo el dolor que estaba padeciendo. Fue ah\u00ed donde pude darme cuenta de lo que me rodeaba, de lo que hac\u00eda y de c\u00f3mo me gustar\u00eda que me recordar\u00e1n.<\/p>\n<p align=\"JUSTIFY\">Me puse a pensar qu\u00e9 les estaba mostrando a mis hijas, qu\u00e9 quer\u00eda para ellas. Que vean a su mam\u00e1 sentada esperando la muerte\u2026 \u00a1No! \u00bfEnse\u00f1arles que ellas no eran importantes para m\u00ed porque no pod\u00eda compartir con ellas su alegr\u00eda, sus logros, sus tristezas, sus decepciones? \u00a1Pues no! No quer\u00eda eso. Una vez m\u00e1s el recuerdo de mi mam\u00e1 me sacudi\u00f3, como hubiera hecho ella si estuviera viva. Y dije, es as\u00ed como quiero que me recuerden, como yo rememoro a mi madre. Que, ante una situaci\u00f3n, sea esta buena o adversa, se pregunten \u00bfQu\u00e9 hubiera hecho mam\u00e1? o \u00bfQu\u00e9 me hubiera dicho? As\u00ed era la mejor manera de honrar ese rol que me otorgaron ellas.<\/p>\n<p align=\"JUSTIFY\">Tambi\u00e9n me percat\u00e9 que finalmente quienes iban a disponer que dir\u00eda mi epitafio ser\u00edan ellas. Y por m\u00e1s que deje por escrito el instructivo de lo que exactamente quer\u00eda que dijera, ya no estar\u00eda aqu\u00ed para corroborarlo. Entonces tendr\u00edan la libertad de poner lo que realmente sent\u00edan por quien perdieron, a una madre que viv\u00eda a\u00f1orando a ese pedazo de su coraz\u00f3n, ausente en alma, o a una madre que estuvo presente con ellas en toda circunstancia a pesar de tener el coraz\u00f3n destrozado.<\/p>\n<p align=\"JUSTIFY\">Entonces tom\u00e9 la decisi\u00f3n de prometerme que har\u00eda todo lo necesario para que a quienes les dej\u00e9 mi legado me recuerden como alguien que les ense\u00f1\u00f3 a vivir plenamente a pesar de todo. A que no me necesiten cuando ya no est\u00e9 en este mundo, porque ya aprendieron a seguir sin m\u00ed presencia f\u00edsica. Que revivan cada instante que pasamos juntos y tomen los consejos que les dejar\u00e9. Que celebren el hecho de habernos conocido, y que tengan la certeza de que para m\u00ed fue muy gratificante haber sido su madre. Esos sentimientos y pensamientos son los que quiero dejar plasmados en sus corazones.<\/p>\n<p align=\"JUSTIFY\">Fue as\u00ed que volv\u00ed a redactar mi epitafio sobre la frase que me gustar\u00eda que diga, en la cual plasme el deseo de c\u00f3mo quiero ser recordada, y surgi\u00f3 esto: \u201c<b>En memoria de una madre con el coraz\u00f3n tan grande que estaba dividido en dos, una parte en la tierra y otra en el cielo. Ese coraz\u00f3n dividido lleno de amor nos ense\u00f1\u00f3 a vivir. Hoy fue al encuentro de ese pedazo que lat\u00eda desde el cielo\u201d.<\/b><\/p>\n<p align=\"JUSTIFY\">As\u00ed me gustar\u00eda que diga, m\u00e1s no tengo la seguridad de que as\u00ed lo har\u00e1n y no importa, porque lo importante es que pude reconocer lo que deb\u00eda hacer para que me recuerden de esa manera y ser merecedora de un epitafio as\u00ed. Por lo tanto, levant\u00e9 mi mirada hacia mi alrededor y visualic\u00e9 todo lo que ten\u00eda que trabajar y todo lo que ten\u00eda por disfrutar, por m\u00e1s de que mis pensamientos a\u00fan est\u00e1n en Dari, y creo que siempre ser\u00e1 as\u00ed. Estar en el aqu\u00ed ahora, sintiendo m\u00e1s fuerte el gozo de lo que tengo, que mi a\u00f1oranza de lo que no.<\/p>\n<p align=\"JUSTIFY\">Les recomiendo que hagan este ejercicio. S\u00e9 que no es c\u00f3modo considerar a la muerte, al reflexionar sobre qu\u00e9 dir\u00eda o qu\u00e9 nos gustar\u00eda que dijese nuestro epitafio. M\u00e1s, meditar sobre el c\u00f3mo ser recordado para m\u00ed fue fundamental para tomar conciencia de la vida. Solo me recordar\u00e1n de la manera en que viv\u00ed, y lo que demostr\u00e9 a trav\u00e9s de mi testimonio de vida. Nada interpela m\u00e1s ante la vida que pensar en la muerte.<\/p>\n<p align=\"JUSTIFY\">Una vez que tomamos conciencia de que estamos vivos, aprendemos a disfrutar de este viaje, y admirar con otros ojos el paisaje.<\/p>\n","protected":false},"excerpt":{"rendered":"<p>Una vez durante el curso de tanatolog\u00eda, me dieron como tarea pensar y escribir qu\u00e9 me gustar\u00eda que dijera mi epitafio, c\u00f3mo me gustar\u00eda que me recordar\u00e1n. Pues jam\u00e1s me plante\u00e9 esa situaci\u00f3n, es decir, &hellip; <\/p>\n","protected":false},"author":1,"featured_media":309,"comment_status":"open","ping_status":"open","sticky":false,"template":"","format":"standard","meta":{"footnotes":""},"categories":[2],"tags":[],"class_list":["post-308","post","type-post","status-publish","format-standard","has-post-thumbnail","hentry","category-articulos","has-single-img"],"_links":{"self":[{"href":"https:\/\/darimaestradevida.com\/index.php\/wp-json\/wp\/v2\/posts\/308","targetHints":{"allow":["GET"]}}],"collection":[{"href":"https:\/\/darimaestradevida.com\/index.php\/wp-json\/wp\/v2\/posts"}],"about":[{"href":"https:\/\/darimaestradevida.com\/index.php\/wp-json\/wp\/v2\/types\/post"}],"author":[{"embeddable":true,"href":"https:\/\/darimaestradevida.com\/index.php\/wp-json\/wp\/v2\/users\/1"}],"replies":[{"embeddable":true,"href":"https:\/\/darimaestradevida.com\/index.php\/wp-json\/wp\/v2\/comments?post=308"}],"version-history":[{"count":0,"href":"https:\/\/darimaestradevida.com\/index.php\/wp-json\/wp\/v2\/posts\/308\/revisions"}],"wp:featuredmedia":[{"embeddable":true,"href":"https:\/\/darimaestradevida.com\/index.php\/wp-json\/"}],"wp:attachment":[{"href":"https:\/\/darimaestradevida.com\/index.php\/wp-json\/wp\/v2\/media?parent=308"}],"wp:term":[{"taxonomy":"category","embeddable":true,"href":"https:\/\/darimaestradevida.com\/index.php\/wp-json\/wp\/v2\/categories?post=308"},{"taxonomy":"post_tag","embeddable":true,"href":"https:\/\/darimaestradevida.com\/index.php\/wp-json\/wp\/v2\/tags?post=308"}],"curies":[{"name":"wp","href":"https:\/\/api.w.org\/{rel}","templated":true}]}}