{"id":316,"date":"2021-09-13T13:41:15","date_gmt":"2021-09-13T13:41:15","guid":{"rendered":"https:\/\/darimaestradevida.com\/?p=316"},"modified":"2021-09-13T13:41:15","modified_gmt":"2021-09-13T13:41:15","slug":"el-aniversario-luctuoso-el-amor-es-esa-energia-que-nos-permite-seguir-sin-la-presencia-fisica-de-nuestro-ser-querido","status":"publish","type":"post","link":"https:\/\/darimaestradevida.com\/index.php\/2021\/09\/13\/el-aniversario-luctuoso-el-amor-es-esa-energia-que-nos-permite-seguir-sin-la-presencia-fisica-de-nuestro-ser-querido\/","title":{"rendered":"El aniversario luctuoso: El amor es esa energ\u00eda que nos permite seguir sin la presencia f\u00edsica de nuestro ser querido"},"content":{"rendered":"<p align=\"JUSTIFY\">Este mes de septiembre, espec\u00edficamente el 14, es el aniversario luctuoso de Dari, tres a\u00f1os de no poder disfrutar con los sentidos de su presencia. Les confieso que es un mes sensible para toda la familia, m\u00e1s con el tiempo y todo el trabajo realizado en el duelo se torna cada vez menos dif\u00edcil, ya es recordada con inmenso amor, contando incluso con sonrisas alguna que otra an\u00e9cdota de su corta vida.<\/p>\n<p align=\"JUSTIFY\">El primer a\u00f1o es tremendo, no solo por el dolor que nos incapacit\u00f3 mental, emocional y f\u00edsicamente, a eso habr\u00eda que sumarle las cataratas de emociones que viv\u00edamos momento a momento. Fue como un bombardeo que lo destruy\u00f3 todo. Tengo muy vagos recuerdos de esa \u00e9poca.<\/p>\n<p align=\"JUSTIFY\">En ese septiembre del 2019, fue que decid\u00ed hacerme los tatuajes en su nombre. Estaba tan sumida en la desesperaci\u00f3n que nadie la olvide, pues como me ve\u00edan mal, muchas personas evitaban mencionarla o hablar de ella. Para m\u00ed era una ofensa total, por ello, tom\u00e9 la determinaci\u00f3n de tatuarme, como s\u00edmbolo de que ella seguir\u00eda visible en m\u00ed, en mi piel. As\u00ed se tornar\u00eda inevitable nombrarla. Un acto de rebeld\u00eda lleno de amor.<\/p>\n<p align=\"JUSTIFY\">Con el inicio del segundo a\u00f1o, se hizo un poco m\u00e1s flexible el camino, ya que el dolor era tolerable y a las emociones ya las pod\u00eda identificar. Al hacerlo pod\u00eda ejercer cierto control sobre ellas, por lo lo menos tener conciencia de lo que me pasaba, y si era necesario parar y descansar. Les recuerdo que en el duelo la mente juega con nosotros, por eso es fundamental cuidar de nosotros, revisando lo que pensamos, lo que nos decimos, y c\u00f3mo lo decimos. Trataba de ser consciente de que ten\u00eda una herida a\u00fan abierta, delicada y que la misma deb\u00eda ser limpiada y curada las veces que fuera necesario.<\/p>\n<p align=\"JUSTIFY\">En estos d\u00edas, elaborando las piezas que se van a sumar al mural que tenemos en memoria de Dari, me percat\u00e9 de como cambiaron, no solo las t\u00e9cnicas que apliqu\u00e9, ni los bocetos, sino en los colores. Hoy d\u00eda mis dise\u00f1os est\u00e1n inundados de tonalidades brillantes y vivas. Si bien, nuestro \u00e1rbol posee varios matices, eran muy neutros, al igual que una mariposa y un colibr\u00ed que hice para el d\u00eda del aniversario de su nacimiento. En cambio, el siguiente que hice, recordando los dos a\u00f1os de su partida, eran flores y mariposas que parec\u00edan estallar de vitalidad.<\/p>\n<p align=\"JUSTIFY\">Ese mural me record\u00f3 lo dif\u00edcil que fue adaptarme a mi nueva realidad ya sin la presencia f\u00edsica de Dari, pero tambi\u00e9n me mostr\u00f3, c\u00f3mo cada vez estaba m\u00e1s presente en las cosas bellas que me rodeaban y en el amor que me dej\u00f3, el cual me sirve de gu\u00eda y luz en mi vida. Fue mirarme en un espejo nuevo, y lo que reflejaba si ya era de mi agrado. Era una verdadera primavera despu\u00e9s de pr\u00e1cticamente dos a\u00f1os de invierno.<\/p>\n<p align=\"JUSTIFY\">Amo mi mural porque es la descripci\u00f3n gr\u00e1fica de c\u00f3mo transit\u00e9 este camino tan duro del duelo. Fue otras de las maneras que encontr\u00e9 para monitorear mi avance en el recorrido, as\u00ed como mi diario del duelo. Con ellos me di cuenta de todo lo que prosper\u00e9 que no fue poco, para nada, me llena de satisfacci\u00f3n ver todo ese progreso, imagin\u00e1ndome que Dari y mis padres estar\u00edan orgullos de m\u00ed por todo lo aprendido. Me mostr\u00f3 c\u00f3mo pude reconciliarme conmigo misma. Ya no atentaba contra mi bienestar, sino me ocupaba de \u00e9l, asisti\u00e9ndome, atendi\u00e9ndome, conteni\u00e9ndome, reconoci\u00e9ndome como la persona m\u00e1s importante en mi vida y que si fuera necesario, pedir\u00eda ayuda.<\/p>\n<p align=\"JUSTIFY\">Tampoco voy a negar que en este mes se hace m\u00e1s habitual la visita de la nostalgia, pues al ver a una ni\u00f1a de la edad de Dari, o pensar c\u00f3mo ser\u00eda si estuviera con nosotros, hace indefectiblemente sentir una dulce tristeza, creo que as\u00ed ser\u00e1 hasta el \u00faltimo d\u00eda de nuestras vidas, ella es parte de nosotros, y es imposible no afligirse al recordarla. M\u00e1s soy consciente, as\u00ed como pas\u00f3 el dolor, tambi\u00e9n va a pasar esta sensaci\u00f3n, hay que sentirla y vivirla. No es que el tiempo lo cura todo, es lo que hacemos con ese tiempo lo que nos ayuda a sanar verdaderamente desde dentro para fuera y as\u00ed se formar\u00e1 finalmente la cicatriz que nos recordar\u00e1 todo lo transcurrido.<\/p>\n<p align=\"JUSTIFY\">Por eso siempre voy a recomendar que para recordar a quien hoy no est\u00e1, lo mejor es hacerlo por medio del amor y la belleza, creando cosas bellas. No les estoy pidiendo que hagan un mural, m\u00e1s si les gusta pintar, h\u00e1ganlo en memoria de qui\u00e9n parti\u00f3, o si les gusta la jardiner\u00eda, hagan un jard\u00edn en su honor, o escriban poemas, o historias, no s\u00e9, lo que les nazca. Lo importante es hacer algo significativo para uno, pensando en ese ser especial que ya no est\u00e1 y que lo llene de satisfacci\u00f3n y gozo al ver todo lo logrado.<\/p>\n<p align=\"JUSTIFY\">Es indescriptible la sensaci\u00f3n que siento cuando termino cada proyecto que me propongo adherir al mural. Pensar que le puedo hacer un regalo a Dari, ya me llena el alma de ternura, y al concertarlo, me transporta a la imagen de d\u00e1rselo en las manos. Mi peque\u00f1a no se qued\u00f3 sin regalos, as\u00ed como ella me sigue enviando los suyos.<\/p>\n<p align=\"JUSTIFY\">Toda la tarea desde la idea, la realizaci\u00f3n y finalizaci\u00f3n de la pieza, llena mis momentos de felicidad, jam\u00e1s hubiera pensado que ser\u00eda posible, m\u00e1s es as\u00ed. S\u00e9 que es dif\u00edcil pensar ser feliz sin su presencia, pero es posible, de manera diferente, pues ya no se trata de soy feliz porque tengo todo, sino aprend\u00ed a ser feliz a pesar de todo. Adem\u00e1s, porque la percibo aqu\u00ed dentro m\u00edo, como cuando estaba danzando en mi vientre, solo que ahora la danza lo hace en mi coraz\u00f3n. Su amor es infinito como ella, y me da la fuerza y la confianza en continuar con mi vida, siempre con la firme esperanza del reencuentro en la eternidad.<\/p>\n","protected":false},"excerpt":{"rendered":"<p>Este mes de septiembre, espec\u00edficamente el 14, es el aniversario luctuoso de Dari, tres a\u00f1os de no poder disfrutar con los sentidos de su presencia. Les confieso que es un mes sensible para toda la &hellip; <\/p>\n","protected":false},"author":1,"featured_media":318,"comment_status":"open","ping_status":"open","sticky":false,"template":"","format":"standard","meta":{"footnotes":""},"categories":[2],"tags":[],"class_list":["post-316","post","type-post","status-publish","format-standard","has-post-thumbnail","hentry","category-articulos","has-single-img"],"_links":{"self":[{"href":"https:\/\/darimaestradevida.com\/index.php\/wp-json\/wp\/v2\/posts\/316","targetHints":{"allow":["GET"]}}],"collection":[{"href":"https:\/\/darimaestradevida.com\/index.php\/wp-json\/wp\/v2\/posts"}],"about":[{"href":"https:\/\/darimaestradevida.com\/index.php\/wp-json\/wp\/v2\/types\/post"}],"author":[{"embeddable":true,"href":"https:\/\/darimaestradevida.com\/index.php\/wp-json\/wp\/v2\/users\/1"}],"replies":[{"embeddable":true,"href":"https:\/\/darimaestradevida.com\/index.php\/wp-json\/wp\/v2\/comments?post=316"}],"version-history":[{"count":0,"href":"https:\/\/darimaestradevida.com\/index.php\/wp-json\/wp\/v2\/posts\/316\/revisions"}],"wp:featuredmedia":[{"embeddable":true,"href":"https:\/\/darimaestradevida.com\/index.php\/wp-json\/"}],"wp:attachment":[{"href":"https:\/\/darimaestradevida.com\/index.php\/wp-json\/wp\/v2\/media?parent=316"}],"wp:term":[{"taxonomy":"category","embeddable":true,"href":"https:\/\/darimaestradevida.com\/index.php\/wp-json\/wp\/v2\/categories?post=316"},{"taxonomy":"post_tag","embeddable":true,"href":"https:\/\/darimaestradevida.com\/index.php\/wp-json\/wp\/v2\/tags?post=316"}],"curies":[{"name":"wp","href":"https:\/\/api.w.org\/{rel}","templated":true}]}}