{"id":333,"date":"2021-10-11T12:55:46","date_gmt":"2021-10-11T12:55:46","guid":{"rendered":"https:\/\/darimaestradevida.com\/?p=333"},"modified":"2021-10-11T12:55:46","modified_gmt":"2021-10-11T12:55:46","slug":"todo-duelo-debe-ser-visualizado-y-validado","status":"publish","type":"post","link":"https:\/\/darimaestradevida.com\/index.php\/2021\/10\/11\/todo-duelo-debe-ser-visualizado-y-validado\/","title":{"rendered":"Todo duelo debe ser visualizado y validado"},"content":{"rendered":"<p align=\"JUSTIFY\">Todo el tiempo me sorprenden los aprendizajes que van llegando a lo largo de este camino hacia la sanaci\u00f3n. El trayecto a\u00fan no culmin\u00f3, ni creo que lo haga, ya que sigo aprendiendo, creciendo, transform\u00e1ndome, y me agrada mucho todo lo obtenido ya en este recorrido, as\u00ed como me entusiasma lo que llegar\u00e1.<\/p>\n<p align=\"JUSTIFY\">Este octubre, adem\u00e1s de ser un mes cargado de festejos, el cumplea\u00f1os de Ra\u00fal, mi compa\u00f1ero de ruta, mi aniversario de bodas, se conmemora el D\u00eda Internacional de las P\u00e9rdidas Gestacionales, Neonatales e Infantiles. S\u00ed bien, ten\u00eda cierto conocimiento al respecto, desde la muerte de Dari, y con lo recorrido en mi duelo, pude profundizar y tomar conciencia de todo ese dolor que muchas veces no es visible para los dem\u00e1s. Es m\u00e1s, me parece hasta ofensivo no darle la importancia que realmente requiere.<\/p>\n<p align=\"JUSTIFY\">Si bien el duelo por la partida de Dari era m\u00e1s que evidente, nunca sent\u00ed que nadie no lo reconociera ni respetara. M\u00e1s atin\u00e9 que fui yo quien hab\u00eda ninguneado un duelo, no duel\u00e9, no hice las tareas que trae consigo ese camino. \u00bfA que p\u00e9rdida me refiero? Al beb\u00e9 que s\u00ed estuvo antes que Dari, porque existi\u00f3, vivi\u00f3 en mi vientre pocas semanas, pero fue real. No lo llor\u00e9 lo suficiente, pues en ese momento no ten\u00eda el conocimiento que tengo ahora y cre\u00eda que las cosas que uno pierde las supera, y no es as\u00ed. Primero deb\u00eda aceptar esta herida para poder sanarla. En cambio, me concentr\u00e9 en volver a embarazarme, sin antes haber iniciado y terminado el proceso del dolor.<\/p>\n<p align=\"JUSTIFY\">Adem\u00e1s, debo hacer hincapi\u00e9 en que en nuestra sociedad es minimizado este tipo de hechos con frases que muy lejos de consolar, lastiman m\u00e1s, como \u201cSos joven, pod\u00e9s tener otro beb\u00e9\u201d. O \u201cPor algo luego no se desarroll\u00f3, seguro ven\u00eda con alguna anomal\u00eda\u201d, como si no lo hubiera aceptado si tra\u00eda una condici\u00f3n pre establecida. Esta p\u00e9rdida, no es visibilizada y mucho valorizada por la sociedad, o por lo menos piensan que al no haber nacido, \u201ces m\u00e1s f\u00e1cil superar ese dolor\u201d. Creo m\u00e1s bien que tienen el pensamiento de que si no se ve no existe. Por lo tanto, no debo porqu\u00e9 lidiar con el sufrimiento ajeno. Pienso que es como un mecanismo defensa ante las l\u00e1grimas y las tristezas del otro, lo digo con todo respeto, s\u00e9 que es dif\u00edcil, yo misma no supe qu\u00e9 decir, me call\u00e9 y minimic\u00e9 en varias ocasiones.<\/p>\n<p align=\"JUSTIFY\">Tambi\u00e9n debo reconocer que a veces los profesionales de la salud son quienes no le dan la importancia adecuada, por lo menos yo lo sent\u00ed as\u00ed, a m\u00ed me dijeron \u201cseguro ve\u00eda con alguna anomal\u00eda\u201d, inclusive especularon con la idea de que seguro era un ni\u00f1o, y como yo hab\u00eda parido ni\u00f1as, me pareci\u00f3 una de las explicaciones m\u00e1s absurdas que escuch\u00e9, m\u00e1s finalmente se qued\u00f3 grabado en mi cabeza y fue por eso que decid\u00ed bautizar a ese \u201cembri\u00f3n de 8 semanas\u201d, porque as\u00ed dec\u00eda el informe m\u00e9dico, como Jos\u00e9 Fernando, nombre que hab\u00edamos elegido en el caso que el beb\u00e9 fuese var\u00f3n. No tengo la certeza de que fue as\u00ed, pero a m\u00ed me sirvi\u00f3 darle una identidad, calm\u00f3 mi alma y tambi\u00e9n mi coraz\u00f3n.<\/p>\n<p align=\"JUSTIFY\">Todo esto yo lo pude concretar transitando el camino del duelo por la muerte de Dari, si antes jam\u00e1s lo hab\u00eda analizado, ni siquiera era mencionado ese beb\u00e9 que no fue logrado. El dolor por la partida de Dari no solo me ense\u00f1\u00f3 de la manera m\u00e1s dolorosa a que pod\u00eda continuar sin su presencia f\u00edsica, sino que tambi\u00e9n me hizo el favor de arrancarme las vendas de los ojos y direccionar mi mirada hacia alguien a quien tambi\u00e9n engendr\u00e9, le di vida, por m\u00e1s de que esta vida haya sido extremadamente breve, tuvo un coraz\u00f3n que lati\u00f3 fuerte en mi vientre.<\/p>\n<p align=\"JUSTIFY\">Evidentemente tambi\u00e9n apliqu\u00e9 ese mecanismo de defensa, de \u201cno veo, no existe\u201d, \u201cfue breve, no tiene la importancia debida\u201d, pensamientos totalmente alienantes que lo \u00fanico que hac\u00edan eran anestesiar el dolor, no lo resolv\u00edan, no lo soltaba en realidad, porque para poder transformar ese dolor, lo deb\u00eda mirar, sentir, abrazar para llegado el momento, dejarlo ir.<\/p>\n<p align=\"JUSTIFY\">Fue as\u00ed que a trav\u00e9s del duelo por el deceso de Dari, pude visualizar, reconocer y darle una identidad a un hijo m\u00edo, un hermano qui\u00e9n ahora la est\u00e1 acompa\u00f1ando, esper\u00e1ndome juntos, o tal vez cuando llegue mi momento, sean ellos quienes vengan a buscarme. No s\u00e9 como ser\u00e1, ni me preocupa eso en estos momentos, lo que si tengo por seguro es que nos volveremos a encontrar y me ser\u00e1 m\u00e1s f\u00e1cil buscarlos pues ya le di un nombre a qui\u00e9n inconscientemente negu\u00e9 su existencia.<\/p>\n<p align=\"JUSTIFY\">Esto hace que la vida misma de Dari tenga una connotaci\u00f3n m\u00e1s que especial, ella fue mi beb\u00e9 arcoiris, sin ser consciente de eso siempre cre\u00ed y sent\u00ed que ella vino a llenar de colores nuestra vida, y fue as\u00ed tal cual, con sus sonrisas, travesuras, incluso berrinches, todo el caos amoroso que caus\u00f3 en la casa fue lo que nos otorg\u00f3 energ\u00eda y vitalidad. Por eso su muerte signific\u00f3 la oscuridad absoluta para todo aquel que la conoci\u00f3.<\/p>\n<p align=\"JUSTIFY\">Si bien yo hab\u00eda escuchado hablar del concepto \u201cbeb\u00e9 arcoiris\u201d, no lo tuve en cuenta porque en mi cabeza a m\u00ed no me pas\u00f3, me fue algo totalmente ajeno, distante. Sin darme cuenta que lo viv\u00ed, y que ten\u00eda mucho que agradecer a ese beb\u00e9 que parti\u00f3 sin conocer esta tierra. Eso lo entend\u00ed reci\u00e9n este a\u00f1o, cuando tuve que ser intervenida quir\u00fargicamente, por padecer de peque\u00f1os quistes de endometriosis. Si bien no es grave, afecta la calidad de vida, adem\u00e1s de dejar est\u00e9ril. Este trastorno es persistente, tiende a volver a aparecer, no fue la primera vez que lo padec\u00eda, de hecho, antes de embarazarme de Jos\u00e9 Fernando, lo tuve y \u00e9l me cur\u00f3 por completo, pues en esa ocasi\u00f3n tambi\u00e9n me operaron, m\u00e1s no pudieron extirpar del todo, y aun as\u00ed \u00e9l fue concebido. Con su concepci\u00f3n se diluyeron los quistes; es decir, \u00e9l vino para sanar a su madre y dar paso a la vida de Dari.<\/p>\n<p align=\"JUSTIFY\">\u00bfC\u00f3mo no pude darme cuenta del milagro que hizo en m\u00ed? Pues no quise ver, y reci\u00e9n en esta oportunidad, despu\u00e9s de comentar a la doctora todos mis antecedentes, ella sentenci\u00f3 que ese embarazo me cur\u00f3. Es m\u00e1s, fue bastante sorprendente como despu\u00e9s de eso, pude concebir a Dari. Me parece justo no solo darle un nombre a ese beb\u00e9, sinotambi\u00e9n un reconocimiento especial y denominarlo como el beb\u00e9 sanador, as\u00ed como Dari ser\u00eda el arcoiris, ambos cumplieron un prop\u00f3sito en mi vida y por eso estoy inmensamente agradecida.<\/p>\n<p align=\"JUSTIFY\">Esto que aprend\u00ed tambi\u00e9n fue gracias a las personas que el duelo me regal\u00f3, mujeres que vivieron y abrazaron mi mismo dolor, de una u otra manera. Pues entend\u00ed que no importa la edad terrenal de nuestros hijos, siempre ser\u00e1n nuestros hijos, por m\u00e1s que tuvieron d\u00edas, semanas, meses, o a\u00f1os de vida, y esa vida se debe de contabilizar desde el vientre. Estuvieron vivos ya sea en la tierra o en el seno materno, eso no se puede negar, pasaron por nuestra vida y la marcaron para siempre. \u00a1Existieron! Fueron reales, como lo es el dolor inmenso que anidamos despu\u00e9s de su partida.<\/p>\n<p align=\"JUSTIFY\">Creo que todas las madres que pasamos por este desierto de tristeza deber\u00edamos aplicar la siguiente reflexi\u00f3n: \u201cSi no pudimos maternar a nuestros beb\u00e9s, deber\u00eda ser obligatorio maternar nuestro dolor para duelar sanamente\u201d. As\u00ed es, abrazar ese dolor para despu\u00e9s transformarlo, pues es la prueba fehaciente del paso de nuestros hijos por este mundo.<\/p>\n<p align=\"JUSTIFY\">Me permito transcribir un peque\u00f1o texto que escribi\u00f3 una mam\u00e1 en Facebook. Me pareci\u00f3 la mejor descripci\u00f3n que puede existir de nuestra matriz: &#8220;Y alguna vez fui el nido donde cobij\u00f3 una mariposa de esas que vuelan alto, muy alto hasta el cielo. Qu\u00e9 dichosas somos algunas mujeres en cobijar \u00e1ngeles mismos que dejan pintados en el vientre huellas de amor que hacen constar su presencia y confirman que un d\u00eda vinieron de visita a la tierra a escogernos como sus bellas mamitas\u201d.<\/p>\n<p align=\"JUSTIFY\">Estos aprendizajes me sanaron el alma. Jam\u00e1s pens\u00e9 que este camino que inici\u00e9 el d\u00eda m\u00e1s triste de toda mi vida, en el que sent\u00ed que morir\u00eda junto con Dari, me colmar\u00edan de plenitud y satisfacci\u00f3n todos los milagros que obraron en m\u00ed, y saber que estoy rodeada de hacedoras de ellos. Me resta simplemente abarrotar mi coraz\u00f3n con m\u00e1s gratitud por todo lo vivido, por todos ellos que no deben ser olvidados, por los que se fueron y por los que vendr\u00e1n. Para sanar el coraz\u00f3n se debe duelar toda p\u00e9rdida que gener\u00f3 dolor.<\/p>\n","protected":false},"excerpt":{"rendered":"<p>Todo el tiempo me sorprenden los aprendizajes que van llegando a lo largo de este camino hacia la sanaci\u00f3n. El trayecto a\u00fan no culmin\u00f3, ni creo que lo haga, ya que sigo aprendiendo, creciendo, transform\u00e1ndome, &hellip; <\/p>\n","protected":false},"author":1,"featured_media":334,"comment_status":"open","ping_status":"open","sticky":false,"template":"","format":"standard","meta":{"footnotes":""},"categories":[2],"tags":[],"class_list":["post-333","post","type-post","status-publish","format-standard","has-post-thumbnail","hentry","category-articulos","has-single-img"],"_links":{"self":[{"href":"https:\/\/darimaestradevida.com\/index.php\/wp-json\/wp\/v2\/posts\/333","targetHints":{"allow":["GET"]}}],"collection":[{"href":"https:\/\/darimaestradevida.com\/index.php\/wp-json\/wp\/v2\/posts"}],"about":[{"href":"https:\/\/darimaestradevida.com\/index.php\/wp-json\/wp\/v2\/types\/post"}],"author":[{"embeddable":true,"href":"https:\/\/darimaestradevida.com\/index.php\/wp-json\/wp\/v2\/users\/1"}],"replies":[{"embeddable":true,"href":"https:\/\/darimaestradevida.com\/index.php\/wp-json\/wp\/v2\/comments?post=333"}],"version-history":[{"count":0,"href":"https:\/\/darimaestradevida.com\/index.php\/wp-json\/wp\/v2\/posts\/333\/revisions"}],"wp:featuredmedia":[{"embeddable":true,"href":"https:\/\/darimaestradevida.com\/index.php\/wp-json\/"}],"wp:attachment":[{"href":"https:\/\/darimaestradevida.com\/index.php\/wp-json\/wp\/v2\/media?parent=333"}],"wp:term":[{"taxonomy":"category","embeddable":true,"href":"https:\/\/darimaestradevida.com\/index.php\/wp-json\/wp\/v2\/categories?post=333"},{"taxonomy":"post_tag","embeddable":true,"href":"https:\/\/darimaestradevida.com\/index.php\/wp-json\/wp\/v2\/tags?post=333"}],"curies":[{"name":"wp","href":"https:\/\/api.w.org\/{rel}","templated":true}]}}