{"id":371,"date":"2021-12-20T12:14:52","date_gmt":"2021-12-20T12:14:52","guid":{"rendered":"https:\/\/darimaestradevida.com\/?p=371"},"modified":"2021-12-20T12:14:52","modified_gmt":"2021-12-20T12:14:52","slug":"la-vida-siempre-debe-ser-celebrada","status":"publish","type":"post","link":"https:\/\/darimaestradevida.com\/index.php\/2021\/12\/20\/la-vida-siempre-debe-ser-celebrada\/","title":{"rendered":"La vida siempre debe ser celebrada"},"content":{"rendered":"<p align=\"JUSTIFY\">S\u00e9 que est\u00e1 pr\u00f3xima la festividad de la Navidad. Les confieso que en mi vida siempre fue sin\u00f3nimo de celebrar, y m\u00e1s cuando nacieron mis hijas, ya que la ilusi\u00f3n de los ni\u00f1os de esperar regalos, de adornar la casa, hace que el coraz\u00f3n se llene de alegr\u00eda. La primera vez que me doli\u00f3 la Navidad fue cuando falt\u00f3 alguien que amaba esa fecha en especial, mi pap\u00e1, un hombre con alma de ni\u00f1o. Fue doloroso no contar con su presencia, mas, lo recordamos justamente comiendo lo que le gustaba y celebrando como \u00e9l lo hac\u00eda.<\/p>\n<p align=\"JUSTIFY\">La Navidad sin mi mam\u00e1 fue mucho m\u00e1s dif\u00edcil, mas, pens\u00e9 que ser\u00eda hasta imposible sin ella. Pero lo sobrellevamos mejor de lo que esperamos, siempre record\u00e1ndola y honrando su memoria, y cocinando lo que ella hubiera preparado. Despu\u00e9s, la vida me mostr\u00f3 que absolutamente nada es predecible, ni ser\u00eda como tal vez la planeaba, y s\u00ed se pudo poner peor, y m\u00e1s dolorosa a\u00fan, con la llegada de la noche buena del 2018, sin la presencia f\u00edsica de Dari.<\/p>\n<p align=\"JUSTIFY\">Pude sobrevivir a esa Navidad, y las dem\u00e1s que llegaron fueron menos dolorosas. Siempre tratando de tenerla presente en cada momento, de hecho, no hay d\u00eda en que no la recuerde ni extra\u00f1e, y no porque es una fecha en especial la a\u00f1oranza es mayor, no siempre es con la misma intensidad, obviamente me hubiera gustado celebrar con ella, aunque s\u00ed lo puedo hacer en su memoria. Brindar que sigo aqu\u00ed rodeada de quienes me aman y a quienes amo, agradeciendo todo este camino, lo aprendido y reconocerme y reconocer a los dem\u00e1s como suficientes para m\u00ed.<\/p>\n<p align=\"JUSTIFY\">Hoy quiero volver a hacer hincapi\u00e9 a ciertas sugerencias que a m\u00ed por lo menos me ayudaron para sobrevivir a esa primera Navidad.<\/p>\n<p align=\"JUSTIFY\">*) No obligarnos a hacer lo que no queremos, sin presiones celebrar de la manera que queramos.<\/p>\n<p align=\"JUSTIFY\">*) Recordar c\u00f3mo eran las Navidades y qu\u00e9 hac\u00edamos con quien hoy ya no est\u00e1, qu\u00e9 le gustaba comer, tomar o de qu\u00e9 manera le gustaba celebrar.<\/p>\n<p align=\"JUSTIFY\">*) Tener presente que no por ser Navidad la nostalgia nos va a ganar. No, se extra\u00f1a siempre y ese d\u00eda tambi\u00e9n tiene 24 horas como cualquier otro, s\u00ed es un d\u00eda especial, pero para recibir y dar afecto, por tanto, al tener el coraz\u00f3n abierto, permit\u00e1monos sentir a qui\u00e9n vive hoy ah\u00ed.<\/p>\n<p align=\"JUSTIFY\">*) Valorar las presencias f\u00edsicas de nuestros afectos, ellos al igual que nosotros son suficientes para celebrar.<\/p>\n<p align=\"JUSTIFY\">Aprend\u00ed que nada, absolutamente nada puedo planear, que la vida en ocasiones es incierta, y por m\u00e1s planes o proyectos que tengamos \u00e9sta se desarrollar\u00e1 de la manera en que deba hacerlo, no como yo quisiera, o lo son\u00e9, o lo plane\u00e9. En el libreto de vida, jam\u00e1s habr\u00eda imaginado que deb\u00eda enterrar a mi hija menor, pero pas\u00f3 y sobreviv\u00ed. Lleg\u00f3 la primera Navidad sin ella y el siguiente a\u00f1o y as\u00ed sucesivamente las fechas significativas, y aqu\u00ed estoy, siempre pens\u00e1ndola y am\u00e1ndola, con el coraz\u00f3n transformado por el dolor y el amor.<\/p>\n<p align=\"JUSTIFY\">Hoy, quien festeja es otra persona, soy el producto de todo lo que perd\u00ed, y de lo que asimil\u00e9 a ra\u00edz de ello. Me instru\u00ed en percibir de manera diferente, sin los sentidos, en tener la certeza de que Dari me acompa\u00f1a desde mi coraz\u00f3n a donde vaya. Que mis cicatrices son marcas de varias batallas, libradas contra mi ego, mi mente, quienes se negaban a aceptar la nueva realidad. Hoy las visualizo, las reconozco y doy gracias por ellas, pues me recuerdan la intensidad de mi amor y de la resiliencia desde el interior.<\/p>\n<p align=\"JUSTIFY\">La vida debe ser valorada porque es el bien m\u00e1s preciado que uno posee, al igual que la salud, el resto, por a\u00f1adidura, podr\u00eda ser considerado valioso. Por lo tanto, \u00e9sta debe ser disfrutada y celebrada cuando haya oportunidad. Ya lo dec\u00eda <span lang=\"es-PY\"><b>Ernesto S\u00e1bato<\/b><\/span><span lang=\"es-PY\"> en su libro La Resistencia: \u201cel ser humano sabe hacer de los obst\u00e1culos nuevos caminos porque a la <\/span><span lang=\"es-PY\"><b>vida<\/b><\/span><span lang=\"es-PY\"> le <\/span><span lang=\"es-PY\"><b>basta<\/b><\/span><span lang=\"es-PY\"> el espacio de una <\/span><span lang=\"es-PY\"><b>grieta para<\/b><\/span><span lang=\"es-PY\"> renacer\u201d. \u00a1As\u00ed es! Se celebra la ocasi\u00f3n de estar vivos. Les deseo una Navidad llena de esperanza, que den y reciban amor, que tengan paz en su alma y coraz\u00f3n. Y sepan encontrar la luz del amor en la oscuridad del duelo, que ese amor nos gu\u00ede siempre.<\/span><\/p>\n","protected":false},"excerpt":{"rendered":"<p>S\u00e9 que est\u00e1 pr\u00f3xima la festividad de la Navidad. Les confieso que en mi vida siempre fue sin\u00f3nimo de celebrar, y m\u00e1s cuando nacieron mis hijas, ya que la ilusi\u00f3n de los ni\u00f1os de esperar &hellip; <\/p>\n","protected":false},"author":1,"featured_media":372,"comment_status":"open","ping_status":"open","sticky":false,"template":"","format":"standard","meta":{"footnotes":""},"categories":[2],"tags":[],"class_list":["post-371","post","type-post","status-publish","format-standard","has-post-thumbnail","hentry","category-articulos","has-single-img"],"_links":{"self":[{"href":"https:\/\/darimaestradevida.com\/index.php\/wp-json\/wp\/v2\/posts\/371","targetHints":{"allow":["GET"]}}],"collection":[{"href":"https:\/\/darimaestradevida.com\/index.php\/wp-json\/wp\/v2\/posts"}],"about":[{"href":"https:\/\/darimaestradevida.com\/index.php\/wp-json\/wp\/v2\/types\/post"}],"author":[{"embeddable":true,"href":"https:\/\/darimaestradevida.com\/index.php\/wp-json\/wp\/v2\/users\/1"}],"replies":[{"embeddable":true,"href":"https:\/\/darimaestradevida.com\/index.php\/wp-json\/wp\/v2\/comments?post=371"}],"version-history":[{"count":0,"href":"https:\/\/darimaestradevida.com\/index.php\/wp-json\/wp\/v2\/posts\/371\/revisions"}],"wp:featuredmedia":[{"embeddable":true,"href":"https:\/\/darimaestradevida.com\/index.php\/wp-json\/"}],"wp:attachment":[{"href":"https:\/\/darimaestradevida.com\/index.php\/wp-json\/wp\/v2\/media?parent=371"}],"wp:term":[{"taxonomy":"category","embeddable":true,"href":"https:\/\/darimaestradevida.com\/index.php\/wp-json\/wp\/v2\/categories?post=371"},{"taxonomy":"post_tag","embeddable":true,"href":"https:\/\/darimaestradevida.com\/index.php\/wp-json\/wp\/v2\/tags?post=371"}],"curies":[{"name":"wp","href":"https:\/\/api.w.org\/{rel}","templated":true}]}}