{"id":377,"date":"2022-01-03T14:12:37","date_gmt":"2022-01-03T14:12:37","guid":{"rendered":"https:\/\/darimaestradevida.com\/?p=377"},"modified":"2022-01-03T14:12:37","modified_gmt":"2022-01-03T14:12:37","slug":"un-balance-de-todo-lo-aprendido-al-iniciar-este-ano-nuevo","status":"publish","type":"post","link":"https:\/\/darimaestradevida.com\/index.php\/2022\/01\/03\/un-balance-de-todo-lo-aprendido-al-iniciar-este-ano-nuevo\/","title":{"rendered":"Un balance de todo lo aprendido al iniciar este a\u00f1o nuevo"},"content":{"rendered":"<p align=\"JUSTIFY\">La \u00faltima semana del a\u00f1o lleg\u00f3 casi sin avisar, en un pesta\u00f1eo pr\u00e1cticamente. Si bien, por todo lo que representa esa semana, no me dej\u00f3 mucho espacio para reflexionar al respecto. Trat\u00e9 de hacerme de ese tiempo, confeccionando un inventario y balance de todo lo aprendido, de todo lo que perd\u00ed y, en consecuencia, de lo que gan\u00e9.<\/p>\n<p align=\"JUSTIFY\">No fue f\u00e1cil porque fue mirarme y reconocer tal vez algunas cosas que a\u00fan no pude cambiar o no quise, m\u00e1s en mi b\u00e1scula personal pesan m\u00e1s las satisfacciones de ganancias que los dolores de las p\u00e9rdidas. Por tanto, debo implementar unas de las lecciones que el duelo me ense\u00f1\u00f3, que es el agradecimiento: agradecer por todo lo que tuve, tengo y quiz\u00e1s tendr\u00e9. La gratitud es la mejor postura ante la vida.<\/p>\n<p align=\"JUSTIFY\">El a\u00f1o pasado fue uno at\u00edpico que no nos permiti\u00f3 quiz\u00e1s hacer lo que todos quer\u00edamos, o ten\u00edamos planeado, ya sea por la situaci\u00f3n en la que nos encontramos a\u00fan en pandemia, o simplemente por circunstancias emocionales que a\u00fan se deben acomodar. Una vez m\u00e1s la vida demuestra que nada, absolutamente nada, est\u00e1 bajo nuestro control, solo nuestra actitud ante los eventos que ocurren. Igual para m\u00ed fue extraordinario, a pesar de las distancias, a pesar del peligro a\u00fan latente del COVID.<\/p>\n<p align=\"JUSTIFY\">Al asumir este desaf\u00edo de escribir sobre la muerte de Dari, y, en consecuencia, sobre el duelo, no ten\u00eda idea de la recepci\u00f3n que tendr\u00eda, y aun as\u00ed lo hice. Fue m\u00e1s bien para estar en contacto de alguna manera con personas que sent\u00edan el mismo dolor, o que, por alg\u00fan motivo se encuentran transitando ese camino escabroso llamado duelo. Saber que de cierta forma puedo apoyarlos, acompa\u00f1arlos contribuyo en la sanaci\u00f3n de mi coraz\u00f3n, estoy inmensamente agradecida por ello. Una amiga de duelo dec\u00eda: \u201cUna pena compartida es una pena diluida\u201d. Es una de mis recomendaciones compartan la tristeza, el dolor, la carga se vuelve m\u00e1s liviana.<\/p>\n<p align=\"JUSTIFY\">Creo que gan\u00e9 m\u00e1s de lo que perd\u00ed, porque todos los d\u00edas se pierde algo, ya sea un poco de esperanza, un poco de autoestima, de ilusiones, m\u00e1s esas peque\u00f1as fugas son opacadas por la gratificaci\u00f3n de saber que alguien se sinti\u00f3 apoyado, acompa\u00f1ado por m\u00ed. Como dir\u00eda Gustavo Cerati: \u201cNo es soberbia, es amor\u201d, es el amor de Dari el que me impulsa y me gu\u00eda en esta aventura.<\/p>\n<p align=\"JUSTIFY\">Tambi\u00e9n debo mencionar las amistades nuevas que el duelo me regal\u00f3, personas que se cruzaron en mi camino, con las cuales compartimos el mismo pesar, as\u00ed como tambi\u00e9n las mismas ganas de sanar, tanto aprend\u00ed de ellas y aun me queda mucho por aprender. A muchas de ellas solo las vi a trav\u00e9s de la pantalla de la computadora, y a otras conozco solo por la voz, incluso por sus escritos. Esto me demuestra una vez m\u00e1s que se puede percibir no solo con los sentidos, con el alma y el coraz\u00f3n basta.<\/p>\n<p align=\"JUSTIFY\">Entend\u00ed que las p\u00e9rdidas son inevitables, m\u00e1s pude rescatar oportunidades \u00fanicas de ellas, para crecer. S\u00e9 que as\u00ed como gan\u00e9 seguir\u00e9 perdiendo, m\u00e1s ya acept\u00e9 que la vida es como el oc\u00e9ano con olas inestables, algunas m\u00e1s grandes que otras que tiran y sacuden con fuerza, y otras tal vez solo como caricias refrescantes. Hay que aprender a sumergirse y nadar incluso contra corriente, y otras veces simplemente flotar y dejarse llevar.<\/p>\n<p align=\"JUSTIFY\">Debo reconocer que tuve mis momentos de neblina espesa, en los cuales sent\u00eda que no pod\u00eda, que estaba derrotada por la frustraci\u00f3n y la pena, era signo de que deb\u00eda parar, para descansar y reanudar fuerzas, porque en realidad lo que pretend\u00eda era huir in\u00fatilmente de la tristeza, ella siempre me va alcanzar, quise ser m\u00e1s veloz, lo cual es imposible. La tristeza, as\u00ed como ese vac\u00edo por la ausencia de Dari, siempre estar\u00e1n, al igual que el dolor, solo que cada vez est\u00e1n m\u00e1s dormidos y muy de vez en cuando despiertan para recordarme el valor de la ausencia y la intensidad en la que am\u00e9. Gracias a Dios, al universo, a la vida, son solo momentos, y cada vez m\u00e1s breves, se\u00f1al que voy en la direcci\u00f3n correcta. Esto tambi\u00e9n es parte de mi todo, y la abrazo y la acepto, as\u00ed como es.<\/p>\n<p align=\"JUSTIFY\">Rescato que en esta nueva versi\u00f3n fui memos dura conmigo, pude reconocerme humana con defectos, los cuales me puede hacer fallar, trat\u00e9 y trato de ser mejor para m\u00ed y los dem\u00e1s. Por tanto, no culpo a quienes se hayan alejado, pues todos cumplimos ciclos no solo en este mundo, sino en la vida de los dem\u00e1s y me parece v\u00e1lido alejarse de quienes ya no aportan nada a la nuestra. No lo digo como un acto de ego\u00edsmo ni de superioridad, sino m\u00e1s bien para establecer v\u00ednculos sanos, no todas las relaciones perduran en el tiempo, mejor que nadie s\u00e9, que nada, absolutamente nada, es para siempre. Por tanto, disfrutemos de los lazos estrechos que tenemos y de aquellos que deban partir, los dejemos hacerlo a su libre albedr\u00edo. Siempre agradeciendo su paso por nuestra vida, as\u00ed se deber\u00eda cerrar la etapa con una persona que ya no quiere o ya no pertenece a nuestro c\u00edrculo \u00edntimo.<\/p>\n<p align=\"JUSTIFY\">Hay un ejercicio emocional que aprend\u00ed hace poco, me sirvi\u00f3 no solo para realizar la valoraci\u00f3n de algunas relaciones en mi vida, sino tambi\u00e9n pude evaluar cual fue mi aporte en ellas. En una hoja escrib\u00ed dos columnas, en una pondr\u00eda las cosas que me aport\u00f3 una persona en particular y en otra las contribuciones que hice a la suya. Y as\u00ed pude visualizar lo que dej\u00e9 de hacer por otros de manera consciente o no, y que dejaron de contribuir los otros en m\u00ed. Obviamente la decisi\u00f3n final es m\u00eda de seguir o no con esos v\u00ednculos. Y esto no tiene nada que ver con el sentimiento, porque uno puede seguir queriendo a alguien, con qui\u00e9n ya no est\u00e1 tan \u00edntimamente ligado. Dese\u00e1ndole el bien y queri\u00e9ndole desde lejos.<\/p>\n<p align=\"JUSTIFY\">Lo que s\u00ed tengo claro es que con cada despedida, perdon\u00e9 y ped\u00ed perd\u00f3n por no haber cumplido con lo que tal vez la otra persona esperaba y viceversa, por las expectativas falsas que me edifiqu\u00e9 y que hice creer al otro. Es mejor relacionarse desde la realidad y la voluntad sincera de dar a los dem\u00e1s. Finalmente, di gracias por todo lo adquirido y aprendido de todo aquel que se cruz\u00f3 por mi camino. As\u00ed deber\u00edamos cerrar ciclos, etapas, como quieran llamarlo. Perdonar, pedir perd\u00f3n y agradecer.<\/p>\n<p align=\"JUSTIFY\">Les deseo un nuevo a\u00f1o repleto de esperanzas, con fuerzas renovadas y con la confianza puesta en la vida, por m\u00e1s que esta se torne adversa muchas veces. Que tengan los pies firmes para soportar cualquier embate y la cabeza, el coraz\u00f3n, el alma, al igual que los brazos abiertos para recibir todo aquello que nos deba de llegar. Que disfruten de la presencia de sus afectos y que el amor de sus seres queridos que no est\u00e1n f\u00edsicamente les ilumine y gu\u00ede siempre.<\/p>\n","protected":false},"excerpt":{"rendered":"<p>La \u00faltima semana del a\u00f1o lleg\u00f3 casi sin avisar, en un pesta\u00f1eo pr\u00e1cticamente. Si bien, por todo lo que representa esa semana, no me dej\u00f3 mucho espacio para reflexionar al respecto. Trat\u00e9 de hacerme de &hellip; <\/p>\n","protected":false},"author":1,"featured_media":378,"comment_status":"open","ping_status":"open","sticky":false,"template":"","format":"standard","meta":{"footnotes":""},"categories":[2],"tags":[],"class_list":["post-377","post","type-post","status-publish","format-standard","has-post-thumbnail","hentry","category-articulos","has-single-img"],"_links":{"self":[{"href":"https:\/\/darimaestradevida.com\/index.php\/wp-json\/wp\/v2\/posts\/377","targetHints":{"allow":["GET"]}}],"collection":[{"href":"https:\/\/darimaestradevida.com\/index.php\/wp-json\/wp\/v2\/posts"}],"about":[{"href":"https:\/\/darimaestradevida.com\/index.php\/wp-json\/wp\/v2\/types\/post"}],"author":[{"embeddable":true,"href":"https:\/\/darimaestradevida.com\/index.php\/wp-json\/wp\/v2\/users\/1"}],"replies":[{"embeddable":true,"href":"https:\/\/darimaestradevida.com\/index.php\/wp-json\/wp\/v2\/comments?post=377"}],"version-history":[{"count":0,"href":"https:\/\/darimaestradevida.com\/index.php\/wp-json\/wp\/v2\/posts\/377\/revisions"}],"wp:featuredmedia":[{"embeddable":true,"href":"https:\/\/darimaestradevida.com\/index.php\/wp-json\/"}],"wp:attachment":[{"href":"https:\/\/darimaestradevida.com\/index.php\/wp-json\/wp\/v2\/media?parent=377"}],"wp:term":[{"taxonomy":"category","embeddable":true,"href":"https:\/\/darimaestradevida.com\/index.php\/wp-json\/wp\/v2\/categories?post=377"},{"taxonomy":"post_tag","embeddable":true,"href":"https:\/\/darimaestradevida.com\/index.php\/wp-json\/wp\/v2\/tags?post=377"}],"curies":[{"name":"wp","href":"https:\/\/api.w.org\/{rel}","templated":true}]}}