{"id":385,"date":"2022-02-23T12:38:04","date_gmt":"2022-02-23T12:38:04","guid":{"rendered":"https:\/\/darimaestradevida.com\/?p=385"},"modified":"2022-02-23T12:38:04","modified_gmt":"2022-02-23T12:38:04","slug":"siempre-en-compania-nunca-en-soledad","status":"publish","type":"post","link":"https:\/\/darimaestradevida.com\/index.php\/2022\/02\/23\/siempre-en-compania-nunca-en-soledad\/","title":{"rendered":"Siempre en compa\u00f1\u00eda, nunca en soledad"},"content":{"rendered":"<p align=\"JUSTIFY\">En enero, llegaron las tan ansiadas vacaciones. Tantas \u201cexpectativas\u201d se generaron a su alrededor, que una vez m\u00e1s la vida me mostr\u00f3 que no tengo el control de nada. Si bien, disfrut\u00e9 de d\u00edas maravillosos con mi familia, del sol, de la playa y se dio el tan ansiado encuentro con el mar (tanto me gusta, tanto siento que me cura, que me genera hasta una necesidad imperante sumergirme en \u00e9l), tambi\u00e9n hubo situaciones que tal vez no fueron las m\u00e1s mejores. M\u00e1s tuve que aprender a sortearlas, y por sobre todo a aceptar ciertas condiciones que ya no depend\u00edan de m\u00ed, resistirme a eso tal vez hizo que me bajaran las defensas, y el resultado fue contagiarme del tan inoportuno COVID. Si d\u00edas antes de nuestro retorno empec\u00e9 a presentar s\u00edntomas, solo yo, lo confirme con la prueba del ant\u00edgeno, si bien gracias a Dios, y estoy convencida que tambi\u00e9n fue gracias a las vacunas, no presentaba ning\u00fan malestar grave, el hecho era que no pod\u00eda regresar con mi familia.<\/p>\n<p align=\"JUSTIFY\">Ellos s\u00ed pudieron volver. Yo tuve que quedarme a cumplir el aislamiento una semana m\u00e1s hasta obtener el tan ansiado negativo. Fueron momentos de mucha angustia, incertidumbre y mucha frustraci\u00f3n. Pues era quedarme sola, en un pa\u00eds extra\u00f1o, lo cual me aterraba, adem\u00e1s debo confesar que en todos los viajes que realic\u00e9 en pareja o en familia, mi marido siempre se ocup\u00f3 de los tr\u00e1mites, tanto en el aeropuerto como en los hoteles, est\u00e1 vez todo depend\u00eda de m\u00ed y justamente eso me asustaba.<\/p>\n<p align=\"JUSTIFY\">Entonces, primeramente trat\u00e9 de volver a la calma, e hice una de las actividades que me ayuda a encontrar tranquilidad, escrib\u00ed. Creo que una de las mejores decisiones que tom\u00e9 fue llevar una peque\u00f1a libretita, y plasmar en ella como me sent\u00eda.<\/p>\n<p align=\"JUSTIFY\">Pensaba esta situaci\u00f3n, no la ped\u00ed, y mucho menos la dese\u00e9. M\u00e1s a pesar de eso pude identificar que es lo que debo tomar como aprendizaje. Mi familia lejos, tal vez pensado en m\u00ed, tal vez no. Deber\u00e1n agenciarse, administrarse sin mi ayuda. Y as\u00ed cumplir lo que siempre dije que me gustar\u00eda que mis hijas no me necesiten cuando yo no est\u00e9 cerca, ojal\u00e1 hayan aprendido.<\/p>\n<p align=\"JUSTIFY\">Y yo deb\u00eda aprender a atenderme a estar sola conmigo misma, a cuidar de m\u00ed, as\u00ed como tantas veces lo mencion\u00e9 en los posts, cuidarme, quererme, abrazarme, aceptarme, tenerme paciencia por sobre todo. Fue una oportunidad que surgi\u00f3 ante esta crisis y que esperaba poder aprovechar, y as\u00ed con esperanza todo lo bueno vendr\u00e1. Deb\u00eda confiar en m\u00ed y en quienes me aman y estaban pendientes de m\u00ed.<\/p>\n<p align=\"JUSTIFY\">Extra\u00f1\u00e9 mi casa, mi familia, deseaba profundamente que esos d\u00edas pasen pronto y que mi mejor\u00eda sea total y r\u00e1pida. En los momentos en que sent\u00eda que la soledad me cubr\u00eda con su manto, pensaba y sent\u00eda que no estaba sola, porque ten\u00eda la certeza de que alguien que amo mucho est\u00e1 conmigo. Ese peque\u00f1o espacio vac\u00edo, estaba presente y me recordaba el valor invaluable de Dari. Pens\u00e9 en ella m\u00e1s intensamente en esos d\u00edas, con un poco de nostalgia, ya no tristeza, porque la sent\u00ed dentro m\u00edo.<\/p>\n<p align=\"JUSTIFY\">Recordaba sus ojos que son del mismo color del mar y del cielo, y eso hac\u00eda que me inundara de su amor. Como no amarme yo, si ella me am\u00f3 tanto. El amor es lo que nos une y es lo que me queda de ella. Por tanto, deb\u00eda cuidarlo como lo que es el mayor tesoro de mi vida. Ese amor me salv\u00f3 una vez m\u00e1s. Su presencia en mi coraz\u00f3n hizo que dejara de resistirme a la realidad, y aceptarla as\u00ed como es, por m\u00e1s que no me gustara no pod\u00eda cambiar, solo pod\u00eda adaptarme a ella, y asumir la mejor postura ante esa circunstancia.<\/p>\n<p align=\"JUSTIFY\">Agradec\u00ed su compa\u00f1\u00eda, su amor, su vida corta pero incomparable, y le dije: \u201cMam\u00e1 nunca estar\u00e1 sola, porque vos, beb\u00e9, est\u00e1s y estar\u00e1s por siempre en mi coraz\u00f3n\u201d. Abraz\u00e1ndome en los momentos de desesperaci\u00f3n. No estuve, sola estuve conmigo misma y con Dari. Me cost\u00f3 darme cuenta de eso y, por ende, de disfrutar de ello. Evidentemente la vida se va a encargar de mostrarme lo que necesitaba saber, aprender y por ello tambi\u00e9n doy gracias, porque es parte de este camino, no hacia la sanaci\u00f3n, sino tambi\u00e9n de crecimiento y disfrute de lo que me rodea, de lo que est\u00e1 dentro y fuera de mi coraz\u00f3n.<\/p>\n","protected":false},"excerpt":{"rendered":"<p>En enero, llegaron las tan ansiadas vacaciones. Tantas \u201cexpectativas\u201d se generaron a su alrededor, que una vez m\u00e1s la vida me mostr\u00f3 que no tengo el control de nada. Si bien, disfrut\u00e9 de d\u00edas maravillosos &hellip; <\/p>\n","protected":false},"author":1,"featured_media":386,"comment_status":"open","ping_status":"open","sticky":false,"template":"","format":"standard","meta":{"footnotes":""},"categories":[2],"tags":[],"class_list":["post-385","post","type-post","status-publish","format-standard","has-post-thumbnail","hentry","category-articulos","has-single-img"],"_links":{"self":[{"href":"https:\/\/darimaestradevida.com\/index.php\/wp-json\/wp\/v2\/posts\/385","targetHints":{"allow":["GET"]}}],"collection":[{"href":"https:\/\/darimaestradevida.com\/index.php\/wp-json\/wp\/v2\/posts"}],"about":[{"href":"https:\/\/darimaestradevida.com\/index.php\/wp-json\/wp\/v2\/types\/post"}],"author":[{"embeddable":true,"href":"https:\/\/darimaestradevida.com\/index.php\/wp-json\/wp\/v2\/users\/1"}],"replies":[{"embeddable":true,"href":"https:\/\/darimaestradevida.com\/index.php\/wp-json\/wp\/v2\/comments?post=385"}],"version-history":[{"count":0,"href":"https:\/\/darimaestradevida.com\/index.php\/wp-json\/wp\/v2\/posts\/385\/revisions"}],"wp:featuredmedia":[{"embeddable":true,"href":"https:\/\/darimaestradevida.com\/index.php\/wp-json\/"}],"wp:attachment":[{"href":"https:\/\/darimaestradevida.com\/index.php\/wp-json\/wp\/v2\/media?parent=385"}],"wp:term":[{"taxonomy":"category","embeddable":true,"href":"https:\/\/darimaestradevida.com\/index.php\/wp-json\/wp\/v2\/categories?post=385"},{"taxonomy":"post_tag","embeddable":true,"href":"https:\/\/darimaestradevida.com\/index.php\/wp-json\/wp\/v2\/tags?post=385"}],"curies":[{"name":"wp","href":"https:\/\/api.w.org\/{rel}","templated":true}]}}