{"id":388,"date":"2022-03-01T12:46:00","date_gmt":"2022-03-01T12:46:00","guid":{"rendered":"https:\/\/darimaestradevida.com\/?p=388"},"modified":"2022-03-01T12:46:00","modified_gmt":"2022-03-01T12:46:00","slug":"con-esperanza-fe-y-confianza","status":"publish","type":"post","link":"https:\/\/darimaestradevida.com\/index.php\/2022\/03\/01\/con-esperanza-fe-y-confianza\/","title":{"rendered":"Con esperanza, fe y confianza"},"content":{"rendered":"<p align=\"JUSTIFY\">As\u00ed como el dolor permanece perenne junto a m\u00ed, aunque m\u00e1s amable, m\u00e1s d\u00f3cil, junto al vac\u00edo, me hicieron compa\u00f1\u00eda y agregaban el sabor agridulce a los recuerdos de Dari. As\u00ed tambi\u00e9n la esperanza y la fe llegaron incluso cuando me hab\u00eda olvidado de ellas.<\/p>\n<p align=\"JUSTIFY\">Esos d\u00edas de aislamiento, lejos de mi pa\u00eds, de mis amores y afectos, no me sent\u00ed sola como el imaginario me hizo creer. Pues se cre\u00f3 en mi cabeza mi imagen sola y desesperada. No voy a negar que la angustia casi gan\u00f3, sum\u00e1ndose a la incertidumbre de c\u00f3mo ser\u00eda el desarrollo de la enfermedad.<\/p>\n<p align=\"JUSTIFY\">Sab\u00eda que si le dejaba el camino libre estar\u00eda completamente perdida. Fue entonces que el amor de mis afectos quienes deb\u00edan partir en ese momento y de los que estaban en casa esperando, me dio la fuerza suficiente para aceptar la situaci\u00f3n, a pesar de no ser jam\u00e1s lo que hubiera deseado, ya estaba aqu\u00ed y deb\u00eda ver qu\u00e9 hacer para que la situaci\u00f3n sea lo m\u00e1s llevadera posible<\/p>\n<p align=\"JUSTIFY\">Esa primera noche fue de limpieza profunda con mis l\u00e1grimas, que desde mis ojos arrasaron con todo hasta mis pies. Dej\u00e9 que el agua salada haga su trabajo, limpiar, desinfectar, curar. Y al d\u00eda siguiente con la cabeza m\u00e1s en calma, que era sobre lo \u00fanico que ten\u00eda control, decid\u00ed hacer un viaje que me deb\u00eda hace tiempo, un viaje hacia adentro, en introspecci\u00f3n.<\/p>\n<p align=\"JUSTIFY\">Tanto habl\u00e9 en este tiempo sobre tenerse paciencia, sobre cuidarse, quererse para sanar, pues bien, me toco a m\u00ed esta vuelta ser protagonista de este cap\u00edtulo complicado de mi historia. Y fue as\u00ed que me encontr\u00e9 cuidando a la persona m\u00e1s importante en mi vida, yo. Por m\u00ed, por mis hijas, por mi esposo, y por toda esa gente que me quiere.<\/p>\n<p align=\"JUSTIFY\">Todos merecemos querernos, amarnos, cuidarnos, curarnos para sanar. Para ello debemos dejar abierta la ventana para que siempre entre un rayo de esperanza, la cual secar\u00e1 todas las l\u00e1grimas y dar\u00e1 el calor justo que el coraz\u00f3n necesita.<\/p>\n<p align=\"JUSTIFY\">Me encontr\u00e9 conmigo misma, abrazada al amor de mis afectos y al recuerdo perpetuo de Dari, con la certeza de que en mi coraz\u00f3n ten\u00eda la contenci\u00f3n necesaria para disfrutar del presente a pesar de las circunstancias. Una vez le\u00ed una frase escrita por una mam\u00e1, quien tambi\u00e9n tuvo que dejar ir a su hijo y dec\u00eda: \u201cGracias a la vida que a pesar de haberme sacado tanto, me ha ense\u00f1ado a vivir de manera diferente\u201d, y era as\u00ed como deb\u00eda hacerlo.<\/p>\n<p align=\"JUSTIFY\">As\u00ed es una vez m\u00e1s mi maestra por excelencia, llamada vida, me mostr\u00f3 que otro tiene el control de todo, yo solo puedo controlar lo que siento, pienso (aun cuando hay veces que ni eso puedo, mas sigo en proceso de aprendizaje) y de c\u00f3mo actuar ante ello.<\/p>\n<p align=\"JUSTIFY\">Ante la angustia, la incertidumbre, me aferr\u00e9 a la esperanza y la contenci\u00f3n emocional que mis afectos me brindaron, as\u00ed como de ese amor incondicional que hoy danza en mi coraz\u00f3n, de mi Dari. Esa situaci\u00f3n tambi\u00e9n hizo que reconociera la presencia de qui\u00e9n en mi fe realmente tiene el control de todo.<\/p>\n<p align=\"JUSTIFY\">Se propici\u00f3 un encuentro bastante pospuesto, con mi fe y con mi parte espiritual. Si no hubiera reconocido que existiese ese ser que me escucha, contiene y cuida, hubiese sido extremadamente dif\u00edcil el transcurso de los d\u00edas del aislamiento, y tal vez habr\u00eda sucumbido ante la ansiedad y la angustia, lo cual quiz\u00e1s desencadenar\u00eda que la enfermedad me gane.<\/p>\n<p align=\"JUSTIFY\">Mas eso no ocurri\u00f3, porque ese ser que me ama y ama lo que amo, y que me estuvo esperando siempre, con paciencia como solo un padre puede hacerlo, permiti\u00f3 que pueda sobrellevar de la mejor manera la situaci\u00f3n en la que me encontraba me permiti\u00f3 recuperar la fe no solo en \u00e9l sino en m\u00ed misma, esa confianza que evidentemente estaba tambaleando desde hace un tiempo atr\u00e1s y la cual la deb\u00eda fortalecer a como d\u00e9 lugar, y fue ese el momento justo para hacerlo.<\/p>\n<p align=\"JUSTIFY\">Las conversaciones que tuvimos me record\u00f3 aquellas en las que le cuestion\u00e9 la muerte de Dari, en las que renegu\u00e9 de \u00e9l con furia, tal vez eso me faltaba tambi\u00e9n, sacar esas emociones que me agobiaban nuevamente, para poder encontrar la paz en el alma y as\u00ed recuperarme, y por sobre todo reconquistar mi fe y confianza en la vida. Por eso y por todo doy gracias al Dios del amor, quien nunca me solt\u00f3, ni abandon\u00f3.<\/p>\n<p align=\"JUSTIFY\">Era evidente que estaba transitando por un nuevo duelo, donde practicante en d\u00edas recorr\u00ed todas sus estaciones, fui testigo de que s\u00ed se puede pasar por todas esas etapas en un solo d\u00eda, en un solo momento, pasar desde la negaci\u00f3n de la situaci\u00f3n, al enojo, a la negociaci\u00f3n, la depresi\u00f3n reactiva, para finalmente aceptar esa nueva realidad, para poder adaptarme a ella y encontrar de la mejor manera la soluci\u00f3n de lo que me aquejaba.<\/p>\n<p align=\"JUSTIFY\">Con ayuda de quienes me sostuvieron la mano,\u00a0 con la esperanza, la fe y la confianza fortalecida, pude sortear esa tormenta que me azot\u00f3 en el mar que ven\u00eda navegando. As\u00ed sent\u00eda al principio pensaba que el naufragio ser\u00eda inevitable, m\u00e1s lleg\u00f3 la calma en el momento justo y pude fluir en paz, regresando a casa totalmente renovada. Es por ello que doy gracias por esta experiencia vivida, por poder sentir el amor aun en la distancia, por haber encontrado solidaridad y empat\u00eda durante mi estad\u00eda. Todo esto me hizo reconocer que viv\u00ed una vez m\u00e1s un milagro.<\/p>\n","protected":false},"excerpt":{"rendered":"<p>As\u00ed como el dolor permanece perenne junto a m\u00ed, aunque m\u00e1s amable, m\u00e1s d\u00f3cil, junto al vac\u00edo, me hicieron compa\u00f1\u00eda y agregaban el sabor agridulce a los recuerdos de Dari. As\u00ed tambi\u00e9n la esperanza y &hellip; <\/p>\n","protected":false},"author":1,"featured_media":389,"comment_status":"open","ping_status":"open","sticky":false,"template":"","format":"standard","meta":{"footnotes":""},"categories":[2],"tags":[],"class_list":["post-388","post","type-post","status-publish","format-standard","has-post-thumbnail","hentry","category-articulos","has-single-img"],"_links":{"self":[{"href":"https:\/\/darimaestradevida.com\/index.php\/wp-json\/wp\/v2\/posts\/388","targetHints":{"allow":["GET"]}}],"collection":[{"href":"https:\/\/darimaestradevida.com\/index.php\/wp-json\/wp\/v2\/posts"}],"about":[{"href":"https:\/\/darimaestradevida.com\/index.php\/wp-json\/wp\/v2\/types\/post"}],"author":[{"embeddable":true,"href":"https:\/\/darimaestradevida.com\/index.php\/wp-json\/wp\/v2\/users\/1"}],"replies":[{"embeddable":true,"href":"https:\/\/darimaestradevida.com\/index.php\/wp-json\/wp\/v2\/comments?post=388"}],"version-history":[{"count":0,"href":"https:\/\/darimaestradevida.com\/index.php\/wp-json\/wp\/v2\/posts\/388\/revisions"}],"wp:featuredmedia":[{"embeddable":true,"href":"https:\/\/darimaestradevida.com\/index.php\/wp-json\/"}],"wp:attachment":[{"href":"https:\/\/darimaestradevida.com\/index.php\/wp-json\/wp\/v2\/media?parent=388"}],"wp:term":[{"taxonomy":"category","embeddable":true,"href":"https:\/\/darimaestradevida.com\/index.php\/wp-json\/wp\/v2\/categories?post=388"},{"taxonomy":"post_tag","embeddable":true,"href":"https:\/\/darimaestradevida.com\/index.php\/wp-json\/wp\/v2\/tags?post=388"}],"curies":[{"name":"wp","href":"https:\/\/api.w.org\/{rel}","templated":true}]}}