{"id":392,"date":"2022-03-09T13:09:32","date_gmt":"2022-03-09T13:09:32","guid":{"rendered":"https:\/\/darimaestradevida.com\/?p=392"},"modified":"2022-03-09T13:09:32","modified_gmt":"2022-03-09T13:09:32","slug":"en-cualquier-viaje-lo-mas-importante-es-el-paisaje-compartido","status":"publish","type":"post","link":"https:\/\/darimaestradevida.com\/index.php\/2022\/03\/09\/en-cualquier-viaje-lo-mas-importante-es-el-paisaje-compartido\/","title":{"rendered":"En cualquier viaje lo m\u00e1s importante es el paisaje compartido"},"content":{"rendered":"<p align=\"JUSTIFY\">Tuve la oportunidad de cumplir un sue\u00f1o, en compa\u00f1\u00eda de alguien a quien amo profundamente, comparte su vida conmigo, y camin\u00f3 tomado de mi mano durante los d\u00edas oscuros del duelo. Con mi marido fuimos a un viaje lleno de aventuras por los lugares que est\u00e1bamos emocionados de conocer, mas no solo fue eso, sino como toda experiencia vivida, trajo consigo mucho aprendizaje.<\/p>\n<p align=\"JUSTIFY\">Fuimos al Per\u00fa, con la gran alegr\u00eda de conocer el Machu Pichu, y tambi\u00e9n otros lugares que no sab\u00edamos que exist\u00edan, si bien estuvimos en unas de las maravillas del mundo, lo que rescato de este viaje no fue el destino final, sino todo el paisaje que pudimos disfrutar durante el recorrido. Fueron actividades exigentes para nuestro f\u00edsico, pero la emoci\u00f3n y el estupor que sentimos al observar esos lugares no tienen descripci\u00f3n.<\/p>\n<p align=\"JUSTIFY\">S\u00ed quiero hacer una comparaci\u00f3n: Cada tour, cada kil\u00f3metro recorrido, me record\u00f3 al camino del duelo. Porque si bien esta caminata estaba llena de regocijo, lo deb\u00eda realizar con la seriedad de una peregrinaci\u00f3n, deb\u00eda haber una conexi\u00f3n entre mi cabeza, cuerpo y esp\u00edritu, as\u00ed como en el duelo. Y como lo hice durante mi duelo en un camino bien empinado, lleno de obst\u00e1culos, camin\u00e9, al principio desorientada, luego, cuando pude lograr cierto equilibrio, mejor\u00f3 el andar.<\/p>\n<p align=\"JUSTIFY\">Obviamente descans\u00e9 en los momentos en los que mi cuerpo destac\u00f3 mi l\u00edmite, y en los que tom\u00e9 conciencia de mi humanidad y peque\u00f1ez, mas, la recompensa estaba al levantar la vista y poder apreciar el panorama que se hac\u00eda imponente ante mis ojos, en cada monta\u00f1a, en cada nube que parec\u00eda poder tocar, ah\u00ed la sent\u00eda a mi peque\u00f1a, ah\u00ed estaba ella, o por lo menos me gusta pensar que fue as\u00ed que desde tan cerca me miraba y jugaba al escondite conmigo, eso tambi\u00e9n fue lo que realmente me estremeci\u00f3 de esa experiencia. Al llegar a la parada final, el paisaje era extraordinario, ya el cansancio, la lluvia, el calor, el fr\u00edo, nada, absolutamente nada importaba, y todo habr\u00eda valido la pena.<\/p>\n<p align=\"JUSTIFY\">Esa misma sensaci\u00f3n fue la que sent\u00ed cuando descubr\u00ed que finalmente llegu\u00e9 a la aceptaci\u00f3n, la cual no quiere decir que me puse contenta con lo que me pas\u00f3, porque la muerte de nadie en nada es positivo, y mucho menos si la muerte es de un hijo. Mas la satisfacci\u00f3n de saber que camin\u00e9 con esa herida abierta, sangrando, sufriendo, sorteando todos los obst\u00e1culos y a pesar de todo lo que hab\u00eda pasado, pude comprometerme a seguir viviendo honrando la memoria de Dari; es indescriptible. Obviamente me detuve donde tuve que hacerlo, para reanudar las fuerzas necesarias para continuar, tambi\u00e9n ped\u00ed la ayuda que precis\u00e9 en ese momento, lo cual fue imperioso para m\u00ed.<\/p>\n<p align=\"JUSTIFY\">Este camino llamado duelo me permiti\u00f3 conocer a personas que enriquecieron mi existencia, con su sola presencia, me mostraron el rostro de la bondad, dando la certeza de los milagros cotidianos. El cansancio extremo de este viaje me record\u00f3, lo extenuante que fue transitar por el duelo, si bien mientras duelaba me fue muy dif\u00edcil poder apreciar los paisajes, s\u00e9 que hab\u00eda, s\u00e9 que estaban ah\u00ed, solo que mis ojos no estaban preparados para verlos, se encontraban nublados por la tristeza y el sufrimiento, evidentemente no era mi tiempo para apreciarlos.<\/p>\n<p align=\"JUSTIFY\">Si algo aprend\u00ed de la muerte de Dari es que la vida se acaba y que no existe la tan pronunciada ley de vida, donde son los hijos quienes deben enterrar a los padres, o por lo menos en nuestro caso no fue as\u00ed. No es cierto que no es normal enterrar a un hijo, es muy doloroso eso s\u00ed, pero lastimosamente es bastante com\u00fan, el duelo me regal\u00f3 varias amistades que pasaron por lo mismo que yo, as\u00ed que la p\u00e9rdida de un hijo se repite con frecuencia y es una de las peores situaciones que uno puede enfrentar. Tomar conciencia de todo esto, hace que valore cada minuto de esta vida, porque esta, en cualquier momento se termina. Vivir como si fuera el \u00faltimo d\u00eda, tarea dif\u00edcil, porque siempre el ser humano quiere poder planear lo que har\u00e1 en la siguiente hora, al d\u00eda siguiente, incluso meses o a\u00f1os despu\u00e9s, y a veces simplemente no hay despu\u00e9s.<\/p>\n<p align=\"JUSTIFY\">Durante mi recorrido tambi\u00e9n atin\u00e9 que hubo paradas en las que me qued\u00e9 m\u00e1s tiempo que otras, asimismo me pas\u00f3 en el duelo, creo que pas\u00e9 mucho tiempo entre el enojo y la tristeza, s\u00e9 que no se vale reprocharse, porque era mi tiempo, y que solo yo sab\u00eda cu\u00e1nto ser\u00eda, y me mov\u00ed a mi ritmo respetando las se\u00f1ales de mi cuerpo, si no pod\u00eda deb\u00eda parar, si estaba confundida no deb\u00eda seguir, pues podr\u00eda perderme. As\u00ed que avanc\u00e9 respetando mi tiempo y ritmo, sin ceder a presiones ni peticiones de nadie, aprend\u00ed a\u00a0 escuchar mi voz interior. Como debe ser y como fue.<\/p>\n<p align=\"JUSTIFY\">A pesar del dolor pude proseguir mi camino, ya con un pacto con la tristeza, que esta ya no me atormentar\u00eda solo me acompa\u00f1ar\u00eda para recordarme el valor de mi p\u00e9rdida. Ya no estoy triste por la muerte de Dari, siempre la recuerdo con m\u00e1s amor ahora, solo a veces se aparece la nostalgia y se me escapa por los ojos, m\u00e1s eso es para recordarme que soy mam\u00e1 de un ser celestial, por tanto, mi amor es tan extenso como el trayecto de la tierra al cielo, y eso me llena de emotividad.<\/p>\n<p align=\"JUSTIFY\">As\u00ed como en el camino, lo m\u00e1s importante son los paisajes, as\u00ed tambi\u00e9n en el duelo lo es el aprendizaje. Si bien es cierto que la muerte se llev\u00f3 el cuerpo f\u00edsico de nuestro ser querido, m\u00e1s no con lo que sentimos por \u00e9l, porque el amor es eterno e infinito. La reconstrucci\u00f3n de mi coraz\u00f3n lo hice sobre los cimientos del amor que Dari me dej\u00f3.<\/p>\n<p align=\"JUSTIFY\">Me cost\u00f3 mucho llegar a un equilibrio en la b\u00e1scula de mi vida, fueron d\u00edas, meses, incluso a\u00f1os de mucho dolor y de arduo trabajo, pero lo pude lograr, lo cual signific\u00f3 que el amor pes\u00f3 m\u00e1s que el dolor, eso fue lo que me ayud\u00f3 a sobrevivir a la muerte de Dari y a valorar la vida de mis afectos.<\/p>\n<p align=\"JUSTIFY\">Por tanto les recomiendo con mucho respeto y cari\u00f1o que disfrutemos de los paisajes que cada camino nos regala, y aunque no siempre llegaremos a destino, s\u00ed podemos aprender mucho levantando la vista admirando el panorama que se nos presenta.<\/p>\n<p align=\"JUSTIFY\">\n","protected":false},"excerpt":{"rendered":"<p>Tuve la oportunidad de cumplir un sue\u00f1o, en compa\u00f1\u00eda de alguien a quien amo profundamente, comparte su vida conmigo, y camin\u00f3 tomado de mi mano durante los d\u00edas oscuros del duelo. Con mi marido fuimos &hellip; <\/p>\n","protected":false},"author":1,"featured_media":393,"comment_status":"open","ping_status":"open","sticky":false,"template":"","format":"standard","meta":{"footnotes":""},"categories":[2],"tags":[],"class_list":["post-392","post","type-post","status-publish","format-standard","has-post-thumbnail","hentry","category-articulos","has-single-img"],"_links":{"self":[{"href":"https:\/\/darimaestradevida.com\/index.php\/wp-json\/wp\/v2\/posts\/392","targetHints":{"allow":["GET"]}}],"collection":[{"href":"https:\/\/darimaestradevida.com\/index.php\/wp-json\/wp\/v2\/posts"}],"about":[{"href":"https:\/\/darimaestradevida.com\/index.php\/wp-json\/wp\/v2\/types\/post"}],"author":[{"embeddable":true,"href":"https:\/\/darimaestradevida.com\/index.php\/wp-json\/wp\/v2\/users\/1"}],"replies":[{"embeddable":true,"href":"https:\/\/darimaestradevida.com\/index.php\/wp-json\/wp\/v2\/comments?post=392"}],"version-history":[{"count":0,"href":"https:\/\/darimaestradevida.com\/index.php\/wp-json\/wp\/v2\/posts\/392\/revisions"}],"wp:featuredmedia":[{"embeddable":true,"href":"https:\/\/darimaestradevida.com\/index.php\/wp-json\/"}],"wp:attachment":[{"href":"https:\/\/darimaestradevida.com\/index.php\/wp-json\/wp\/v2\/media?parent=392"}],"wp:term":[{"taxonomy":"category","embeddable":true,"href":"https:\/\/darimaestradevida.com\/index.php\/wp-json\/wp\/v2\/categories?post=392"},{"taxonomy":"post_tag","embeddable":true,"href":"https:\/\/darimaestradevida.com\/index.php\/wp-json\/wp\/v2\/tags?post=392"}],"curies":[{"name":"wp","href":"https:\/\/api.w.org\/{rel}","templated":true}]}}