{"id":395,"date":"2022-03-14T12:31:41","date_gmt":"2022-03-14T12:31:41","guid":{"rendered":"https:\/\/darimaestradevida.com\/?p=395"},"modified":"2022-03-14T12:31:41","modified_gmt":"2022-03-14T12:31:41","slug":"celebrar-o-no-el-cumpleanos-de-quien-ya-no-esta","status":"publish","type":"post","link":"https:\/\/darimaestradevida.com\/index.php\/2022\/03\/14\/celebrar-o-no-el-cumpleanos-de-quien-ya-no-esta\/","title":{"rendered":"\u00bfCelebrar o no el cumplea\u00f1os de quien ya no est\u00e1?"},"content":{"rendered":"<p>Este mes de marzo es especial para nosotros, pues se conmemora el nacimiento de Dari. El 17 de marzo hubiera cumplido 6 a\u00f1os, que grande, habr\u00edamos estado entusiasmados porque iniciar\u00eda el primer grado, con todo el caos que eso genera, pero seguro que felices de poder acompa\u00f1arla. Mas eso no fue posible, solo nos resta recordar los a\u00f1os compartidos con ella.<\/p>\n<p>Soy consciente de que es una fecha sensible, por todo lo que representa y por sobre todo, por todo lo que no fue. Eso sigue doliendo, porque creo que sigo aprendiendo a vivir sin su presencia f\u00edsica y a\u00fan imagino que puedo controlar todo a largo plazo, lo cual no es as\u00ed en esta vida, es una tarea dif\u00edcil, pero voy avanzando.<\/p>\n<p>El primer aniversario de su cumplea\u00f1os, estaba tan empe\u00f1ada en festejarlo, qu\u00e9 mal que estaba, pues miro atr\u00e1s y me parece verme como en una pel\u00edcula, toda desencajada, como que le pas\u00f3 a otra persona. Tanto era mi af\u00e1n de que nadie, absolutamente nadie la olvidara, que festej\u00e9 un cumplea\u00f1os, sin la cumplea\u00f1era presente. Hoy con la cabeza mucho m\u00e1s clara, pienso qu\u00e9 locura, y a qu\u00e9 estr\u00e9s e incomodidad somet\u00ed a mi familia. Recuerdo que llovi\u00f3 tanto que pens\u00e9 que nadie vendr\u00eda, y al contrario, todos me acompa\u00f1aron&#8230; Una escena nada feliz, ni punto de comparaci\u00f3n a un cumplea\u00f1os, m\u00e1s bien triste y raro\u2026<\/p>\n<p>Al siguiente a\u00f1o con la pandemia, segu\u00eda con la idea del festejo, creo que la vida se encarg\u00f3 de mostrarme que no era lo m\u00e1s adecuado. Me enoj\u00e9 porque ese segundo a\u00f1o de su cumplea\u00f1os no lo pude festejar por la cuarentena, para colmo, hab\u00eda preparado mi mosaico, que tanto trabajo me cost\u00f3 y era como la inauguraci\u00f3n de la obra. Creo que en realidad mi mente sab\u00eda que era m\u00e1s apropiado decir festejemos la culminaci\u00f3n de la obra que celebrar un cumplea\u00f1os sin el cumplea\u00f1ero.<\/p>\n<p>Igualmente la recordamos especialmente, y por m\u00e1s que no pod\u00edamos reunirnos, ped\u00ed a todo aquel que la conoci\u00f3, que la recuerde prendiendo una velita en su memoria, y as\u00ed lo hicieron, familia y amigos, todos en la misma sinton\u00eda, recordar a Dari. Dolorosamente conmovedor, porque en mi alma se generaba una batalla entre la frustraci\u00f3n y la alegr\u00eda del acompa\u00f1amiento desde la distancia, y doy gracias porque gan\u00f3 la alegr\u00eda.<\/p>\n<p>Estos d\u00edas previos a esa fecha tan especial, la tecnolog\u00eda se encarga de recordarme lo que fueron los d\u00edas de Dari, cada foto, si bien siempre la miro con emoci\u00f3n, estas se encuentran m\u00e1s cargadas que nunca, su peso no es insoportable, al contrario, las siento m\u00e1s livianas, y lo que hace es recordarme no solo a ese ser tan valioso que perd\u00ed sino tambi\u00e9n hace que me valore, que me aplauda, que me festeje, porque no solo\u00a0 habr\u00eda sido 6 a\u00f1os de la vida de ella, sino que hace 6 a\u00f1os de mi maternidad, la cual si es eterna. Ya no importa si Dari no puede cumplir m\u00e1s a\u00f1os, siempre ser\u00e9 su mam\u00e1, por m\u00e1s que haya un cielo entre ella y yo.<\/p>\n<p>As\u00ed que como me promet\u00ed, no voy a festejar un cumplea\u00f1os que ya no fue, sino voy a celebrar la vida que engendr\u00e9, y que me regal\u00f3 los mejores a\u00f1os, por m\u00e1s que estos hayan sido breves fueron intensos, de mucho aprendizaje, ni que decir de estos a\u00f1os sin su presencia f\u00edsica y s\u00ed, sinti\u00e9ndola en lo profundo de mi coraz\u00f3n.<\/p>\n<p>Como cada fecha especial, estoy preparando el regalo que le har\u00e9, en su memoria, creando algo bello como lo es ella, una pieza que ser\u00e1 agregada a su mural, y con mis amores m\u00e1s cercanos, vamos a recordarla, tal vez, comiendo lo que m\u00e1s le gustaba, a\u00fan no lo s\u00e9. Mas de lo que estoy segura es que estos d\u00edas la nostalgia se instalar\u00e1n en mi coraz\u00f3n, de hecho, hace un tiempo que est\u00e1 presente, y la recibo como corresponde, porque s\u00e9 que ya no viene a cargarme con dolor, sino solo recordarme el valor de Dari, y el precio que pagu\u00e9 por su amor.<\/p>\n<p>Por eso, ante la pregunta de si es apropiado o no festejar el cumplea\u00f1os de alguien que falleci\u00f3, mi respuesta ser\u00eda, debe haber celebraci\u00f3n por lo que fue su vida, por lo que es su recuerdo y por sobre todo, lo que es y ser\u00e1 por siempre su amor.<\/p>\n<p>Esta fecha es m\u00e1s que especial por lo tanto la voy a conmemorar como corresponde, pues es la memoria palpable de mi maternidad, la cual tambi\u00e9n debe ser celebrada, lo har\u00e9 con mis afectos m\u00e1s cercanos que me rodean y por sobre todo, con la certeza de que a quien agasajo est\u00e1 habitando en mi coraz\u00f3n. Siempre valorando m\u00e1s el pensamiento de la vida que fue y que disfrut\u00e9 a su lado, y dejando de lado todo pensamiento de lo que no pudo ser.<\/p>\n<p>&nbsp;<\/p>\n<p>&nbsp;<\/p>\n","protected":false},"excerpt":{"rendered":"<p>Este mes de marzo es especial para nosotros, pues se conmemora el nacimiento de Dari. El 17 de marzo hubiera cumplido 6 a\u00f1os, que grande, habr\u00edamos estado entusiasmados porque iniciar\u00eda el primer grado, con todo &hellip; <\/p>\n","protected":false},"author":1,"featured_media":396,"comment_status":"open","ping_status":"open","sticky":false,"template":"","format":"standard","meta":{"footnotes":""},"categories":[2],"tags":[],"class_list":["post-395","post","type-post","status-publish","format-standard","has-post-thumbnail","hentry","category-articulos","has-single-img"],"_links":{"self":[{"href":"https:\/\/darimaestradevida.com\/index.php\/wp-json\/wp\/v2\/posts\/395","targetHints":{"allow":["GET"]}}],"collection":[{"href":"https:\/\/darimaestradevida.com\/index.php\/wp-json\/wp\/v2\/posts"}],"about":[{"href":"https:\/\/darimaestradevida.com\/index.php\/wp-json\/wp\/v2\/types\/post"}],"author":[{"embeddable":true,"href":"https:\/\/darimaestradevida.com\/index.php\/wp-json\/wp\/v2\/users\/1"}],"replies":[{"embeddable":true,"href":"https:\/\/darimaestradevida.com\/index.php\/wp-json\/wp\/v2\/comments?post=395"}],"version-history":[{"count":0,"href":"https:\/\/darimaestradevida.com\/index.php\/wp-json\/wp\/v2\/posts\/395\/revisions"}],"wp:featuredmedia":[{"embeddable":true,"href":"https:\/\/darimaestradevida.com\/index.php\/wp-json\/"}],"wp:attachment":[{"href":"https:\/\/darimaestradevida.com\/index.php\/wp-json\/wp\/v2\/media?parent=395"}],"wp:term":[{"taxonomy":"category","embeddable":true,"href":"https:\/\/darimaestradevida.com\/index.php\/wp-json\/wp\/v2\/categories?post=395"},{"taxonomy":"post_tag","embeddable":true,"href":"https:\/\/darimaestradevida.com\/index.php\/wp-json\/wp\/v2\/tags?post=395"}],"curies":[{"name":"wp","href":"https:\/\/api.w.org\/{rel}","templated":true}]}}