{"id":410,"date":"2022-04-18T15:44:16","date_gmt":"2022-04-18T15:44:16","guid":{"rendered":"https:\/\/darimaestradevida.com\/?p=410"},"modified":"2022-04-18T15:44:16","modified_gmt":"2022-04-18T15:44:16","slug":"el-sufrimiento-no-es-sinonimo-de-mas-amor","status":"publish","type":"post","link":"https:\/\/darimaestradevida.com\/index.php\/2022\/04\/18\/el-sufrimiento-no-es-sinonimo-de-mas-amor\/","title":{"rendered":"El sufrimiento no es sin\u00f3nimo de m\u00e1s amor"},"content":{"rendered":"<p align=\"JUSTIFY\">Gracias al duelo descubr\u00ed que no porque duela m\u00e1s o sufra m\u00e1s mi amor fue m\u00e1s intenso. Eso no es verdad. Esas creencias limitantes que en ocasiones nos impusieron, y otras nos vendieron, las creemos y no contribuyen en nada en nuestro desarrollo como persona y mucho menos cuando se trata de duelar. Es cierto, el duelo proviene de la palabra dolor, m\u00e1s eso no significa que est\u00e9mos condenados a arrastrar a ese dolor como un grillete en la pierna por toda la eternidad.<\/p>\n<p align=\"JUSTIFY\">Tampoco es necesario que todos sepan que nos duele el haber perdido, o que necesitemos como un cartel con luces de ne\u00f3n anunciando que estamos en duelo, no. Con tal que lo sepamos nosotros y que trabajemos ese proceso basta. S\u00e9 que es f\u00e1cil juzgar a alguien por su apariencia, incluso por su actitud ante ciertas circunstancias, pero eso no determina lo que siente realmente en su coraz\u00f3n y c\u00f3mo vivi\u00f3 lo que le pas\u00f3.<\/p>\n<p align=\"JUSTIFY\">Me cost\u00f3 comprender todo eso, es m\u00e1s, cuando empez\u00f3 mi duelo por la muerte de Dari, estaba convencida de que nunca jam\u00e1s volver\u00eda a sonre\u00edr, y mucho menos ser feliz. Que todo ese dolor y sufrimiento me acompa\u00f1ar\u00edan para siempre. Los aceptaba y abrazaba como un castigo tontamente merecido, una crueldad excesiva conmigo misma.<\/p>\n<p align=\"JUSTIFY\">Ese tipo de pensamientos creo que se implanta desde la ni\u00f1ez, por lo que se nos repite, o por lo que uno ve, incluso, por lo que se impone. Recuerdo cuando reci\u00e9n hab\u00eda fallecido mi pap\u00e1, yo ten\u00eda como 23 a\u00f1os. Despu\u00e9s del sepelio me ba\u00f1\u00e9 y me dispuse a vestirme con una sudadera rasada clara. Mi mam\u00e1 se molest\u00f3 tanto conmigo que hasta hoy recuerdo lo que me dijo, que era una falta de respeto para con ella y mi pap\u00e1, agregando, por supuesto, qu\u00e9 va a decir la gente si te ve vestida as\u00ed. Se me qued\u00f3 grabada su reacci\u00f3n. Si bien nunca vest\u00ed un luto riguroso, desde ese momento omit\u00ed los colores claros y fuertes ante la partida de un ser querido.<\/p>\n<p align=\"JUSTIFY\">Con el tiempo no tom\u00e9 en cuenta esa situaci\u00f3n hasta la muerte de Dari. Por primera vez quise vestir solo de negro, para que todos sepan que sufr\u00eda un dolor desgarrador, no s\u00e9 si era una necesidad imperante de dar l\u00e1stima, porque ese sentimiento era el que despertaba incluso para conmigo misma. Sumado a la desesperaci\u00f3n de que no la olviden. Mi pobre cabeza estaba sumida en un torbellino y no comprend\u00eda que a ella jam\u00e1s la olvidar\u00eda todo aquel quien la hab\u00eda amado.<\/p>\n<p align=\"JUSTIFY\">Cuando por fin tom\u00e9 la decisi\u00f3n de trabajar mi duelo, dejando de pensar de que fui v\u00edctima de una tragedia y asumir las riendas de mi vida, me di cuenta que no importa el color que me vista, eso no va a medir el amor que siento por Dari, ni el dolor que me caus\u00f3 su muerte. Solo hac\u00eda que influya negativamente en mi humor y en la de los dem\u00e1s.<\/p>\n<p align=\"JUSTIFY\">Entend\u00ed que era in\u00fatil tratar de cuantificar el sufrimiento y hacerlo equivalente a cuanto am\u00e9 a Dari. Es decir, no porque sufra mucho es sin\u00f3nimo de que am\u00e9 mucho, para nada. Era un concepto errado que ten\u00eda del amor, es m\u00e1s, hoy pienso que pensar as\u00ed es amar mal. Tanto era mi pensamiento que me priv\u00e9 de varios momentos agradables porque seg\u00fan mi mente como que no los merec\u00eda. Ni el merecimiento, ni mucho menos el amor, se pueden medir teniendo como par\u00e1metro el dolor.<\/p>\n<p align=\"JUSTIFY\">Con esto no digo que el dolor se fue totalmente, \u00e9ste se acomod\u00f3, se transform\u00f3, mas, el sufrimiento ya no est\u00e1 pues opte por soltarlo, as\u00ed como me aferr\u00e9 al amor de Dar\u00ed, solt\u00e9 eso que me hac\u00eda sufrir innecesariamente, ya que no deb\u00eda demostrar nada a nadie, yo am\u00e9, amo y amar\u00e9 a Dari por siempre. Lo hice desde su concepci\u00f3n hasta su muerte y lo seguir\u00e9 haciendo hasta nuestro reencuentro.<\/p>\n<p align=\"JUSTIFY\">No se vale juzgarnos, ni mucho menos juzgar a otros por como y cuanto est\u00e1 sufriendo, esa herida que provoc\u00f3 la p\u00e9rdida es un lugar sagrado que no merece ni siquiera ser mirado sin permiso, pero s\u00ed necesita de todos los cuidados extremos para sanar, para as\u00ed formarse esa cicatriz que nos recordar\u00e1, no la intensidad del dolor, sino del amor incondicional.<\/p>\n<p align=\"JUSTIFY\">Soltar el dolor excesivo, y aferrarnos al amor, es lo que nos har\u00e1 avanzar en el camino de la sanaci\u00f3n, es lo que nos salvar\u00e1 y nos llenar\u00e1 de esperanza de volver a sonre\u00edr, de volver a ser feliz.<\/p>\n<p align=\"JUSTIFY\">Como dir\u00eda Lorena Pronski en una frase: \u201cSin barro no hay loto\u201d. Lo cual es cierto, se necesita abono para florecer, m\u00e1s no se necesita sufrirmiento, ni dolor para amar de manera infinita.<\/p>\n","protected":false},"excerpt":{"rendered":"<p>Gracias al duelo descubr\u00ed que no porque duela m\u00e1s o sufra m\u00e1s mi amor fue m\u00e1s intenso. Eso no es verdad. Esas creencias limitantes que en ocasiones nos impusieron, y otras nos vendieron, las creemos &hellip; <\/p>\n","protected":false},"author":1,"featured_media":412,"comment_status":"open","ping_status":"open","sticky":false,"template":"","format":"standard","meta":{"footnotes":""},"categories":[2],"tags":[],"class_list":["post-410","post","type-post","status-publish","format-standard","has-post-thumbnail","hentry","category-articulos","has-single-img"],"_links":{"self":[{"href":"https:\/\/darimaestradevida.com\/index.php\/wp-json\/wp\/v2\/posts\/410","targetHints":{"allow":["GET"]}}],"collection":[{"href":"https:\/\/darimaestradevida.com\/index.php\/wp-json\/wp\/v2\/posts"}],"about":[{"href":"https:\/\/darimaestradevida.com\/index.php\/wp-json\/wp\/v2\/types\/post"}],"author":[{"embeddable":true,"href":"https:\/\/darimaestradevida.com\/index.php\/wp-json\/wp\/v2\/users\/1"}],"replies":[{"embeddable":true,"href":"https:\/\/darimaestradevida.com\/index.php\/wp-json\/wp\/v2\/comments?post=410"}],"version-history":[{"count":0,"href":"https:\/\/darimaestradevida.com\/index.php\/wp-json\/wp\/v2\/posts\/410\/revisions"}],"wp:featuredmedia":[{"embeddable":true,"href":"https:\/\/darimaestradevida.com\/index.php\/wp-json\/"}],"wp:attachment":[{"href":"https:\/\/darimaestradevida.com\/index.php\/wp-json\/wp\/v2\/media?parent=410"}],"wp:term":[{"taxonomy":"category","embeddable":true,"href":"https:\/\/darimaestradevida.com\/index.php\/wp-json\/wp\/v2\/categories?post=410"},{"taxonomy":"post_tag","embeddable":true,"href":"https:\/\/darimaestradevida.com\/index.php\/wp-json\/wp\/v2\/tags?post=410"}],"curies":[{"name":"wp","href":"https:\/\/api.w.org\/{rel}","templated":true}]}}