{"id":416,"date":"2022-05-12T11:43:02","date_gmt":"2022-05-12T11:43:02","guid":{"rendered":"https:\/\/darimaestradevida.com\/?p=416"},"modified":"2022-05-12T11:43:02","modified_gmt":"2022-05-12T11:43:02","slug":"el-dolor-de-perder-a-un-igual","status":"publish","type":"post","link":"https:\/\/darimaestradevida.com\/index.php\/2022\/05\/12\/el-dolor-de-perder-a-un-igual\/","title":{"rendered":"El dolor de perder a un igual"},"content":{"rendered":"<p align=\"JUSTIFY\">Soy consciente de que todos los duelos que me tocaron y tocar\u00e1n vivir son diferentes. Es m\u00e1s, duelen diferente, y no son nada f\u00e1ciles de transitar. Hoy me toca con todo el dolor que eso implica ir despidi\u00e9ndome de poco de una amiga, alguien como yo, que deber\u00eda de tener muchos a\u00f1os por delante para disfrutar de esta vida. Mas no siempre la vida se comportar\u00e1 como quisi\u00e9ramos.<\/p>\n<p align=\"JUSTIFY\">Saber un diagn\u00f3stico certero sobre una enfermedad, que lastimosamente no se detiene, ni tiene fecha exacta de extinci\u00f3n genera incertidumbre, impotencia, rabia, y miedo. No saber que decir a quien la padece, es todo un reto, porque pareciera que esa persona est\u00e1 esperando la respuesta correcta, cosa que no existe. No solo no existen repuestas, ni siquiera las palabras adecuadas. A veces lo m\u00e1s certero es que esa persona sepa que una est\u00e1 para ella, que la quiere y la acompa\u00f1a, por m\u00e1s que no entienda las decisiones del destino, ni pueda hacer algo para calmar el dolor que siente.<\/p>\n<p align=\"JUSTIFY\">En esta oportunidad, doy gracias a ese dolor que conoc\u00ed con la partida de Dari y que hoy est\u00e1 transformado en m\u00ed, fue un maestro y me dio las herramientas necesarias para hacer m\u00e1s llevadera estas situaciones. Me duele, me entristece, mas, respeto a la vida como es, y entiendo que debo asumir la mejor postura posible ante esta situaci\u00f3n, la cual no puedo cambiar, pero si puedo acompa\u00f1ar. Agradeciendo desde el alma todo el tiempo compartido con mi amiga.<\/p>\n<p align=\"JUSTIFY\">S\u00e9 que se vienen tiempos dif\u00edciles para ella y nosotros, y para poder acompa\u00f1arla debo sacar fuerzas de alg\u00fan lado, de la misma manera debo permitirme sentirme vulnerable, para que desde lo profundo de la fragilidad pueda seguir a su lado, para lo que requiera, o simplemente para hacerle compa\u00f1\u00eda<\/p>\n<p align=\"JUSTIFY\">La imagen que se refleja en este espejo que me muestra la vida no es para nada agradable, hace que me cuestione tantas cosas, y me sumerja en un mar de dudas, las cuales tal vez jam\u00e1s las disipe, mas s\u00e9 que no debo dejar que me arrastren porque as\u00ed hundida en la tristeza, no podr\u00e9 ayudar a nadie, ni siquiera a m\u00ed.<\/p>\n<p align=\"JUSTIFY\">Esta vez la muerte se me presenta de manera diferente, se visti\u00f3 de forma distinta, es m\u00e1s, me asusta porque su apariencia es muy parecida a la m\u00eda. Saber que uno no es lo suficientemente joven para seguir en este mundo hace que se forme un nudo enorme en la garganta y cabeza dif\u00edciles de desenredar y de entender. Conf\u00edo en que pueda soportar su presencia hasta que se retire llev\u00e1ndose lo que vino a buscar. Esto tambi\u00e9n es aprender a aceptar la vida<\/p>\n<p align=\"JUSTIFY\">Espero tener la claridad mental suficiente para hacer frente a esto, el coraz\u00f3n y el alma ampliados para sostenerla y sostenerme. Me queda como tarea fortalecer la postura de gratitud ante todo, para que la calidad de los momentos que nos reste por vivir, sean los m\u00e1s plenos posibles. Qu\u00e9 dif\u00edcil es admitir que es mejor que prevalezca la calidad ante la cantidad. Ser\u00eda maravilloso poder combinar ambos, m\u00e1s no se puede, no en esta vida, no en este plano.<\/p>\n<p align=\"JUSTIFY\">Sigo sumando aprendizaje de lo que me rodea, si bien trae consigo un trago muy amargo que lo hace hasta imposible tolerar. Me prometo hacer todo que est\u00e9 en mis manos para que este trayecto sea lo m\u00e1s soportable posible para m\u00ed y para mis afectos.<\/p>\n<p align=\"JUSTIFY\">La herida que deja la partida de un amigo es dolorosa y profunda, ya que es la muerte de una parte de uno, de la juventud, de las experiencias y de las decepciones compartidas. Es el deceso de uno mismo visto en el cuerpo del otro, del igual, del par. Igual as\u00ed con este nuevo dolor, doy gracias por haberse cruzado nuestros caminos, y por las huellas que dej\u00f3 marcada mi alma. S\u00e9 que mi coraz\u00f3n se ampliar\u00e1 para hacerle el lugar que le corresponde y habitar\u00e1 ah\u00ed, hasta el momento en que nos volvamos a encontrar.<\/p>\n","protected":false},"excerpt":{"rendered":"<p>Soy consciente de que todos los duelos que me tocaron y tocar\u00e1n vivir son diferentes. Es m\u00e1s, duelen diferente, y no son nada f\u00e1ciles de transitar. Hoy me toca con todo el dolor que eso &hellip; <\/p>\n","protected":false},"author":1,"featured_media":417,"comment_status":"open","ping_status":"open","sticky":false,"template":"","format":"standard","meta":{"footnotes":""},"categories":[2],"tags":[],"class_list":["post-416","post","type-post","status-publish","format-standard","has-post-thumbnail","hentry","category-articulos","has-single-img"],"_links":{"self":[{"href":"https:\/\/darimaestradevida.com\/index.php\/wp-json\/wp\/v2\/posts\/416","targetHints":{"allow":["GET"]}}],"collection":[{"href":"https:\/\/darimaestradevida.com\/index.php\/wp-json\/wp\/v2\/posts"}],"about":[{"href":"https:\/\/darimaestradevida.com\/index.php\/wp-json\/wp\/v2\/types\/post"}],"author":[{"embeddable":true,"href":"https:\/\/darimaestradevida.com\/index.php\/wp-json\/wp\/v2\/users\/1"}],"replies":[{"embeddable":true,"href":"https:\/\/darimaestradevida.com\/index.php\/wp-json\/wp\/v2\/comments?post=416"}],"version-history":[{"count":0,"href":"https:\/\/darimaestradevida.com\/index.php\/wp-json\/wp\/v2\/posts\/416\/revisions"}],"wp:featuredmedia":[{"embeddable":true,"href":"https:\/\/darimaestradevida.com\/index.php\/wp-json\/"}],"wp:attachment":[{"href":"https:\/\/darimaestradevida.com\/index.php\/wp-json\/wp\/v2\/media?parent=416"}],"wp:term":[{"taxonomy":"category","embeddable":true,"href":"https:\/\/darimaestradevida.com\/index.php\/wp-json\/wp\/v2\/categories?post=416"},{"taxonomy":"post_tag","embeddable":true,"href":"https:\/\/darimaestradevida.com\/index.php\/wp-json\/wp\/v2\/tags?post=416"}],"curies":[{"name":"wp","href":"https:\/\/api.w.org\/{rel}","templated":true}]}}