{"id":426,"date":"2022-07-04T14:09:05","date_gmt":"2022-07-04T14:09:05","guid":{"rendered":"https:\/\/darimaestradevida.com\/?p=426"},"modified":"2022-07-04T14:09:05","modified_gmt":"2022-07-04T14:09:05","slug":"los-colores-que-compartimos","status":"publish","type":"post","link":"https:\/\/darimaestradevida.com\/index.php\/2022\/07\/04\/los-colores-que-compartimos\/","title":{"rendered":"Los colores que compartimos"},"content":{"rendered":"<p align=\"JUSTIFY\">Con el correr del tiempo, mirando fotograf\u00edas m\u00edas y las de mis hijas, me doy cuenta que ellas tienen algo m\u00edo, de su pap\u00e1 o de sus abuelos, o alg\u00fan pariente cercano. La gen\u00e9tica no miente y siempre sobresale. En este caso Dari hered\u00f3 los colores de mis ojos, s\u00ed, la \u00fanica de las tres que m\u00e1s se me asemeja, a pesar de que ella ten\u00eda los cabellos dorados como el sol, y la piel blanca con las nubes.<\/p>\n<p align=\"JUSTIFY\">Sus ojos profundos, verdes, grises a veces, y en ocasiones hasta un poco azules, eran mi m\u00e1s puro reflejo. No voy a negar que desde que se definieron los colores de sus ojos, me emocion\u00f3 saber que compart\u00edamos el mismo defecto gen\u00e9tico, los claro oscuros en la mirada.<\/p>\n<p align=\"JUSTIFY\">Despu\u00e9s de su muerte nunca pens\u00e9 en eso, hasta que me visitaron los recuerdos, ayudados con una que otra fotograf\u00eda, donde se pod\u00eda apreciar el parecido. Una agridulce sensaci\u00f3n, saber que qui\u00e9n m\u00e1s se parec\u00eda a m\u00ed, ya no estaba f\u00edsicamente, ya no podr\u00eda cotejar durante su crecimiento si esa semejanza segu\u00eda se acentuar\u00eda o disminu\u00eda. Otra de las cosas que se llev\u00f3 la muerte consigo, solo me dej\u00f3 mi capacidad de imaginarla, aunque debo confesar que prefiero recordarla as\u00ed como era un beb\u00e9 de dos a\u00f1os y medio, con esa inocencia sin igual.<\/p>\n<p align=\"JUSTIFY\">Es tambi\u00e9n doloroso pensar en todo eso, no solo en su ausencia, en lo que me falta, en lo que me priv\u00f3 su muerte, mas trato de que el recuerdo de todo lo que vivimos juntas sea m\u00e1s fuerte, para as\u00ed poder seguir viviendo honrando su memoria, disfrutando de ver crecer a sus hermanas, quienes tambi\u00e9n tienen un cachito m\u00edo y la misma sonrisa que engrandece el alma y la id\u00e9ntica mirada que Dari, solo que con diversidad de colores, con diferentes simetr\u00edas y caracter\u00edsticas que tambi\u00e9n las hacen \u00fanicas.<\/p>\n<p align=\"JUSTIFY\">As\u00ed que hoy puedo ver a Dari no solo en sus hermanas, sino tambi\u00e9n en mis ojos, en esos colores que compartimos, por m\u00e1s de que mi visi\u00f3n ya est\u00e9 cansada, a\u00fan se colman de emoci\u00f3n y ternura al recordarla. Y me llena de alegr\u00eda saber que uno de mis bienes m\u00e1s preciados es el recuerdo de sus colores, de sus miradas. Hoy me reflejo yo en ellos.<\/p>\n<p align=\"JUSTIFY\">Una vez cont\u00e9 que ella fue mi beb\u00e9 arco iris, que vino a este mundo en un momento de oscuridad, a usarnos como lienzo de su acuarela preferida, no pod\u00eda ser de otra manera, ya que estaba hecha de colores y de luz.<\/p>\n<p align=\"JUSTIFY\">Con su partida estuve convencida de que con ella tambi\u00e9n se fueron mis ojos, qu\u00e9 equivocada estaba, en mis ojos est\u00e1 ella m\u00e1s viva que nunca. En mi coraz\u00f3n sigue jugando y danzando porque simplemente su amor es infinito. Mis colores favoritos los compartidos con ella, ese verde, el de la esperanza, y la cual me da la certeza de que en cuanto llegue mi momento nos volveremos a reencontrar en la eternidad.<\/p>\n","protected":false},"excerpt":{"rendered":"<p>Con el correr del tiempo, mirando fotograf\u00edas m\u00edas y las de mis hijas, me doy cuenta que ellas tienen algo m\u00edo, de su pap\u00e1 o de sus abuelos, o alg\u00fan pariente cercano. La gen\u00e9tica no &hellip; <\/p>\n","protected":false},"author":1,"featured_media":427,"comment_status":"open","ping_status":"open","sticky":false,"template":"","format":"standard","meta":{"footnotes":""},"categories":[2],"tags":[],"class_list":["post-426","post","type-post","status-publish","format-standard","has-post-thumbnail","hentry","category-articulos","has-single-img"],"_links":{"self":[{"href":"https:\/\/darimaestradevida.com\/index.php\/wp-json\/wp\/v2\/posts\/426","targetHints":{"allow":["GET"]}}],"collection":[{"href":"https:\/\/darimaestradevida.com\/index.php\/wp-json\/wp\/v2\/posts"}],"about":[{"href":"https:\/\/darimaestradevida.com\/index.php\/wp-json\/wp\/v2\/types\/post"}],"author":[{"embeddable":true,"href":"https:\/\/darimaestradevida.com\/index.php\/wp-json\/wp\/v2\/users\/1"}],"replies":[{"embeddable":true,"href":"https:\/\/darimaestradevida.com\/index.php\/wp-json\/wp\/v2\/comments?post=426"}],"version-history":[{"count":0,"href":"https:\/\/darimaestradevida.com\/index.php\/wp-json\/wp\/v2\/posts\/426\/revisions"}],"wp:featuredmedia":[{"embeddable":true,"href":"https:\/\/darimaestradevida.com\/index.php\/wp-json\/"}],"wp:attachment":[{"href":"https:\/\/darimaestradevida.com\/index.php\/wp-json\/wp\/v2\/media?parent=426"}],"wp:term":[{"taxonomy":"category","embeddable":true,"href":"https:\/\/darimaestradevida.com\/index.php\/wp-json\/wp\/v2\/categories?post=426"},{"taxonomy":"post_tag","embeddable":true,"href":"https:\/\/darimaestradevida.com\/index.php\/wp-json\/wp\/v2\/tags?post=426"}],"curies":[{"name":"wp","href":"https:\/\/api.w.org\/{rel}","templated":true}]}}