{"id":433,"date":"2022-07-25T14:17:46","date_gmt":"2022-07-25T14:17:46","guid":{"rendered":"https:\/\/darimaestradevida.com\/?p=433"},"modified":"2022-07-25T14:17:46","modified_gmt":"2022-07-25T14:17:46","slug":"las-fotos-y-recuerdos-que-duelen","status":"publish","type":"post","link":"https:\/\/darimaestradevida.com\/index.php\/2022\/07\/25\/las-fotos-y-recuerdos-que-duelen\/","title":{"rendered":"Las fotos y recuerdos que duelen"},"content":{"rendered":"<p align=\"JUSTIFY\">En mi recorrido en el camino del duelo me top\u00e9 con cosas agridulces como aquellos recuerdos que en principio parecen que reconfortan el alma, pero tienen un dejo amargo, que a veces se hace dif\u00edcil de digerir. Si bien es as\u00ed, conf\u00edo en que cada vez ser\u00e1 menos, o por lo menos espero seguir aprendiendo a tolerar esa sensaci\u00f3n de tristeza y amargura, para luego transformarla en una dulce nostalgia.<\/p>\n<p align=\"JUSTIFY\">Hay fotograf\u00edas, que son pruebas del paso de Dari por este mundo, y tambi\u00e9n, de toda la felicidad que ella nos brind\u00f3, con sus travesuras, sus ocurrencias, su ternura, su amor, y todo eso qued\u00f3. Incre\u00edblemente por m\u00e1s que no la podamos ver, ni oler, ni tocar, est\u00e1, s\u00e9 que no es f\u00e1cil de explicar esa percepci\u00f3n, m\u00e1s yo la siento real, y eso me ayuda, me hace sentir bien y con eso me basta.<\/p>\n<p align=\"JUSTIFY\">Cada d\u00eda estoy m\u00e1s convencida de que la misi\u00f3n que ella ten\u00eda en esta tierra se cumpli\u00f3 a cabalidad, no solo por las huellas que dej\u00f3, sino todo lo que nos ense\u00f1\u00f3. Particularmente a m\u00ed que no ten\u00eda idea de mi capacidad de amar. Siempre pens\u00e9 que a mis hijas las amar\u00eda siempre y de manera incondicional, m\u00e1s con ella s\u00ed se cumple ese amor absoluto, pues ella ya no tiene expectativas que cumplir, ni demostrar nada m\u00e1s, simplemente es amor. Tambi\u00e9n me mostr\u00f3 la fortaleza, la cual yo cre\u00eda que carec\u00eda, y adem\u00e1s demostr\u00f3 que a pesar de todo el dolor se puede seguir viviendo con el plus de volver a ser felices.<\/p>\n<p align=\"JUSTIFY\">Creo que la cantidad de aprendizajes que obtuve en este proceso es casi proporcional al dolor que sent\u00ed al principio. No es que ya no lo siento, el dolor de su ausencia, de saber que no la podre ver crecer, estar\u00e1 ah\u00ed siempre acomodado, a veces dormido y otras vendr\u00e1 a recordarme el valor de lo perdido. Eso s\u00ed es tan maneable, que este muta con el tiempo, tomando la forma m\u00e1s sublime de amor.<\/p>\n<p align=\"JUSTIFY\">Los recuerdos, las fotos, los v\u00eddeos son mis tesoros m\u00e1s preciados, los cuales no solo encienden mi cabeza y coraz\u00f3n con las im\u00e1genes de Dari, sino que son mi combustible para seguir, y un recordatorio de que el amor es eterno e infinito.\u00a0 A veces lloro cuando las veo, y a la vez siento una dulce caricia que estoy segura que es ella.<\/p>\n<p align=\"JUSTIFY\">Esos retratos antes eran objetos de torturas para m\u00ed. Mas una vez que dej\u00e9 de pelearme con la realidad y con la vida se convirtieron en la mayor fortuna abstracta que poseo. Hoy puedo verlas con esa nostalgia dulce que aprend\u00ed a crear, puedo hablar de Dari, sin que\u00a0 me tiemble la voz de dolor, puedo recordarla, mientras sonr\u00edo y verla en el reflejo de mis ojos y las miradas de sus hermanas, puedo sentirla en los abrazos de su pap\u00e1 y puedo brindar por su vida, con todo aquel que la nombra y recuerda.<\/p>\n<p align=\"JUSTIFY\">Hoy agradezco haberla tenido en mis brazos por m\u00e1s breve que haya sido. Doy gracias incluso a todo ese dolor que me ceg\u00f3 en alg\u00fan momento, el cual me permiti\u00f3 reconstruirme, fortalecerme y entender que el amor de ella y de los que me rodean, me devolvieron la luz que necesitaba para apreciar, disfrutar y seguir con mi vida. Adem\u00e1s, sigo manteniendo la esperanza firme del reencuentro en la eternidad, ese es mi mejor consuelo, que en cuanto llegue mi momento nos volveremos a ver y est\u00e1 vez ser\u00e1 para siempre.<\/p>\n<p align=\"JUSTIFY\">Que los recuerdos de los momentos compartidos, no sean motivo de sufrimiento, que sean la raz\u00f3n por la cual continuar con la vida de manera plena, siendo felices, honrando as\u00ed la memoria de quienes hoy est\u00e1n en el coraz\u00f3n.<\/p>\n","protected":false},"excerpt":{"rendered":"<p>En mi recorrido en el camino del duelo me top\u00e9 con cosas agridulces como aquellos recuerdos que en principio parecen que reconfortan el alma, pero tienen un dejo amargo, que a veces se hace dif\u00edcil &hellip; <\/p>\n","protected":false},"author":1,"featured_media":434,"comment_status":"open","ping_status":"open","sticky":false,"template":"","format":"standard","meta":{"footnotes":""},"categories":[2],"tags":[],"class_list":["post-433","post","type-post","status-publish","format-standard","has-post-thumbnail","hentry","category-articulos","has-single-img"],"_links":{"self":[{"href":"https:\/\/darimaestradevida.com\/index.php\/wp-json\/wp\/v2\/posts\/433","targetHints":{"allow":["GET"]}}],"collection":[{"href":"https:\/\/darimaestradevida.com\/index.php\/wp-json\/wp\/v2\/posts"}],"about":[{"href":"https:\/\/darimaestradevida.com\/index.php\/wp-json\/wp\/v2\/types\/post"}],"author":[{"embeddable":true,"href":"https:\/\/darimaestradevida.com\/index.php\/wp-json\/wp\/v2\/users\/1"}],"replies":[{"embeddable":true,"href":"https:\/\/darimaestradevida.com\/index.php\/wp-json\/wp\/v2\/comments?post=433"}],"version-history":[{"count":0,"href":"https:\/\/darimaestradevida.com\/index.php\/wp-json\/wp\/v2\/posts\/433\/revisions"}],"wp:featuredmedia":[{"embeddable":true,"href":"https:\/\/darimaestradevida.com\/index.php\/wp-json\/"}],"wp:attachment":[{"href":"https:\/\/darimaestradevida.com\/index.php\/wp-json\/wp\/v2\/media?parent=433"}],"wp:term":[{"taxonomy":"category","embeddable":true,"href":"https:\/\/darimaestradevida.com\/index.php\/wp-json\/wp\/v2\/categories?post=433"},{"taxonomy":"post_tag","embeddable":true,"href":"https:\/\/darimaestradevida.com\/index.php\/wp-json\/wp\/v2\/tags?post=433"}],"curies":[{"name":"wp","href":"https:\/\/api.w.org\/{rel}","templated":true}]}}