{"id":437,"date":"2022-08-23T14:54:04","date_gmt":"2022-08-23T14:54:04","guid":{"rendered":"https:\/\/darimaestradevida.com\/?p=437"},"modified":"2022-08-23T14:54:04","modified_gmt":"2022-08-23T14:54:04","slug":"el-tiempo-no-se-detiene","status":"publish","type":"post","link":"https:\/\/darimaestradevida.com\/index.php\/2022\/08\/23\/el-tiempo-no-se-detiene\/","title":{"rendered":"El tiempo no se detiene"},"content":{"rendered":"<p align=\"JUSTIFY\">La vida no se detiene, la misma sigue su curso, pasa el tiempo, pasan los d\u00edas, las semanas, los meses, los a\u00f1os, y as\u00ed sin m\u00e1s, se acerc\u00f3 un cumplea\u00f1os m\u00e1s. Cada 11 de agosto es diferente, ya no duele tanto, las ausencias, tampoco es una euforia fren\u00e9tica de festejar, que no es m\u00e1s que una felicidad falsa y t\u00f3xica, es m\u00e1s bien para agradecer lo que hay, con los que est\u00e1n, en un \u00e1mbito de verdadera intimidad, disfrutar de los verdaderos afectos y valores que fui encontrando durante el transcurso de esta mi l\u00ednea de tiempo.<\/p>\n<p align=\"JUSTIFY\">Si bien, desde la partida de Dari, todas las fechas especiales se volvieron agridulces, tambi\u00e9n se convirtieron en momentos de reflexi\u00f3n, ya que tengo otra mirada a lo que viv\u00ed, de lo que pas\u00f3, y de lo que tengo a mi alrededor. Otra perspectiva de mi mundo, de la realidad a la cual pertenezco, ya no me peleo con ella, no solo la acepto, sino tambi\u00e9n la abrazo.<\/p>\n<p align=\"JUSTIFY\">Sin \u00e1nimo de parecer soberbia, hay una frase que bastante me define, es una atribuida a Nitzsche y dice as\u00ed: \u201cLa grandeza de una persona se mide por su capacidad de amar la realidad que le toc\u00f3 vivir\u201d. Nunca me gustaron las etiquetas, m\u00e1s esa expresi\u00f3n se acerca tanto a lo hoy soy, pues confirmo que, a pesar de haber estado sumergida en el infierno del dolor, no cambiar\u00eda en nada, en absolutamente nada la realidad que me toc\u00f3, porque en ella conoc\u00ed el verdadero amor incondicional. Esta realidad que se impuso siempre, la cual prosigue y espero que prosiga por muchos a\u00f1os m\u00e1s, ya que apenas estoy aprendiendo a disfrutar de ella.<\/p>\n<p align=\"JUSTIFY\">El disfrute que fue y es una de las lecciones m\u00e1s dif\u00edciles que tuve que enfrentar, y la que a\u00fan sigo en proceso de aprendizaje, me abri\u00f3 los ojos ante todo lo que realmente es esencial. As\u00ed pude ver, disfrutar y valorar, en un viaje, los paisajes del camino. Me ense\u00f1\u00f3 qu\u00e9 no importa que tan deliciosa sea la comida o que tan costoso y fino sea un vino, o las cosas materiales que podamos acumular, lo que verdaderamente importa es con quien podamos compartir esa comida, esa bebida, es decir, lo verdaderamente esencial son los momentos que pasamos juntos con quienes amamos.<\/p>\n<p align=\"JUSTIFY\">En estos d\u00edas de haber cumplido un a\u00f1o m\u00e1s, puedo afirmar, que, desde hace cuatro a\u00f1os atr\u00e1s, me sent\u00ed morir tantas veces y a pesar de ello aprend\u00ed a volver a vivir, a sonre\u00edr y a ser feliz. Volv\u00ed a nacer, si bien fue un nacimiento en extremo doloroso, hoy ese sufrimiento es solo un recuerdo de lo valiosa que fue la vida de Dari en la m\u00eda. Que esa huella que dej\u00f3 en mi alma es perpetua, as\u00ed como lo es su amor. Y que todo lo que ella vino a ense\u00f1arme se convirti\u00f3 en un compromiso para ayudar a todo aquel que lo necesite.<\/p>\n<p align=\"JUSTIFY\">Hay una frase del Dr. Bucay que dice: \u201cYo soy lo que soy gracias a lo que perd\u00ed, no gracias a lo que obtuve\u201d. Es as\u00ed como siento que soy, tuve que perder lo m\u00e1s valioso que ten\u00eda para encontrarme y espero no volver a perderme jam\u00e1s, es un compromiso que asum\u00ed en mi momento de mayor vulnerabilidad, por lo tanto, es ley de vida para m\u00ed.<\/p>\n<p align=\"JUSTIFY\">Esta mi nueva versi\u00f3n que se fue edificando con los escombros de mi coraz\u00f3n, est\u00e1 dispuesta y abierta a encontrarse y no soltarse jam\u00e1s, independientemente al rol que pueda desempe\u00f1ar, sigue trabajando en esa edificaci\u00f3n, para ser mejor cada d\u00eda, enfoc\u00e1ndose en no dejar escapar los momentos felices, porque a este mundo vinimos para eso, para ser feliz, en soledad o en compa\u00f1\u00eda de los afectos, fortaleciendo as\u00ed esa paz interior que tanto trabajo me cost\u00f3 llegar.<\/p>\n","protected":false},"excerpt":{"rendered":"<p>La vida no se detiene, la misma sigue su curso, pasa el tiempo, pasan los d\u00edas, las semanas, los meses, los a\u00f1os, y as\u00ed sin m\u00e1s, se acerc\u00f3 un cumplea\u00f1os m\u00e1s. Cada 11 de agosto &hellip; <\/p>\n","protected":false},"author":1,"featured_media":438,"comment_status":"open","ping_status":"open","sticky":false,"template":"","format":"standard","meta":{"footnotes":""},"categories":[2],"tags":[],"class_list":["post-437","post","type-post","status-publish","format-standard","has-post-thumbnail","hentry","category-articulos","has-single-img"],"_links":{"self":[{"href":"https:\/\/darimaestradevida.com\/index.php\/wp-json\/wp\/v2\/posts\/437","targetHints":{"allow":["GET"]}}],"collection":[{"href":"https:\/\/darimaestradevida.com\/index.php\/wp-json\/wp\/v2\/posts"}],"about":[{"href":"https:\/\/darimaestradevida.com\/index.php\/wp-json\/wp\/v2\/types\/post"}],"author":[{"embeddable":true,"href":"https:\/\/darimaestradevida.com\/index.php\/wp-json\/wp\/v2\/users\/1"}],"replies":[{"embeddable":true,"href":"https:\/\/darimaestradevida.com\/index.php\/wp-json\/wp\/v2\/comments?post=437"}],"version-history":[{"count":0,"href":"https:\/\/darimaestradevida.com\/index.php\/wp-json\/wp\/v2\/posts\/437\/revisions"}],"wp:featuredmedia":[{"embeddable":true,"href":"https:\/\/darimaestradevida.com\/index.php\/wp-json\/"}],"wp:attachment":[{"href":"https:\/\/darimaestradevida.com\/index.php\/wp-json\/wp\/v2\/media?parent=437"}],"wp:term":[{"taxonomy":"category","embeddable":true,"href":"https:\/\/darimaestradevida.com\/index.php\/wp-json\/wp\/v2\/categories?post=437"},{"taxonomy":"post_tag","embeddable":true,"href":"https:\/\/darimaestradevida.com\/index.php\/wp-json\/wp\/v2\/tags?post=437"}],"curies":[{"name":"wp","href":"https:\/\/api.w.org\/{rel}","templated":true}]}}